{"id":57029,"date":"2023-06-30T14:02:00","date_gmt":"2023-06-30T19:02:00","guid":{"rendered":"http:\/\/www.zonaroja.com.mx\/?p=57029"},"modified":"2023-06-30T09:03:13","modified_gmt":"2023-06-30T14:03:13","slug":"amlo-si-violo-la-ley-durante-las-elecciones-del-edomex-y-coahuila-tepjf","status":"publish","type":"post","link":"https:\/\/zonaroja.com.mx\/?p=57029","title":{"rendered":"AMLO s\u00ed viol\u00f3 la ley durante las elecciones del Edomex y Coahuila: TEPJF"},"content":{"rendered":"\n<p>Redacci\u00f3n\/Zona Roja Cdmx.<\/p>\n\n\n\n<p>Ciudad de M\u00e9xico, a 30 de junio de 2023.- El Presidente Andr\u00e9s Manuel L\u00f3pez Obrador infringi\u00f3 la ley electoral durante las elecciones del Estado de M\u00e9xico y Coahuila, determin\u00f3 por unanimidad el Tribunal Electoral del Poder Judicial de la Federaci\u00f3n (TEPJF), el cual resolvi\u00f3 que el Ejecutivo federal s\u00ed influy\u00f3 en los procesos que estaban en marcha.<\/p>\n\n\n\n<p>El Tribunal Electoral indic\u00f3 que durante las conferencias ma\u00f1aneras del 24 de mayo y el 2 de junio, el mandatario federal habl\u00f3 sobre los procesos electorales, lo que constituy\u00f3 una violaci\u00f3n a los principios de imparcialidad y neutralidad, uso indebido de programas sociales, incumplimiento de medidas cautelares y uso indebido de recursos p\u00fablicos.<\/p>\n\n\n\n<p>Respecto a dichas conferencias matutinas, la correspondiente al 24 de mayo se incurri\u00f3 a un incumplimiento a la tutela preventiva emitida por la Comisi\u00f3n de Quejas y Denuncias del Instituto Nacional Electoral (INE), en la que se le orden\u00f3 abstenerse de manifestaciones relacionadas con los comicios locales.<\/p>\n\n\n\n<p>En esa ocasi\u00f3n, el presidente acus\u00f3 que exist\u00eda una campa\u00f1a en contra de su partido en el Estado de M\u00e9xico, por lo que de manera impl\u00edcita se pronunci\u00f3 contra los partidos de oposici\u00f3n.<\/p>\n\n\n\n<p>Aunque el pol\u00edtico tabasque\u00f1o no hizo un llamado directo para votar por la candidata de su partido en el Estado de M\u00e9xico, las autoridades concluyeron que s\u00ed gener\u00f3 una influencia indebida en la elecci\u00f3n mexiquense porque habl\u00f3 claramente sobre el proceso y \u201clas expresiones se emitieron en su etapa de campa\u00f1a\u201d, detall\u00f3 la resoluci\u00f3n del TEPJF.<\/p>\n\n\n\n<p>Respecto a los programas sociales, se concluy\u00f3 que aunque no hubo un condicionamiento formal, s\u00ed se utiliz\u00f3 un discurso para condicionar la entrega de programas a la permanencia de Morena en el poder.<\/p>\n\n\n\n<p>D\u00edas m\u00e1s tarde, el 2 de junio, el presidente realiz\u00f3 invitaciones indirectas al pueblo de M\u00e9xico para votar a favor de una fuerza pol\u00edtica.<\/p>\n\n\n\n<p>\u201cHay un \u2018plan C\u2019, que no est\u00e9n pensando que ya se termin\u00f3 todo: que no se vote por el bloque conservador. Para que siga la transformaci\u00f3n, ni un voto a los conservadores; s\u00ed a la transformaci\u00f3n. Ese es el \u2018plan C\u2019\u201d, fue lo que dijo el presidente en Palacio Nacional.<\/p>\n\n\n\n<p>Aunque por unanimidad los magistrados determinaron las violaciones a la ley electoral por parte de L\u00f3pez Obrador, la ley impide la imposici\u00f3n de sanciones al titular del Ejecutivo, sin embargo, en la resoluci\u00f3n se orden\u00f3 dar vista al \u00d3rgano Interno de Control de la Presidencia para determinar sanciones al director de Cepropie, Sigfrido Barjau de la Rosa; el coordinador de Comunicaci\u00f3n Social, Jes\u00fas Ram\u00edrez Cuevas, y a la directora de Comunicaci\u00f3n Digital, Jessica Ram\u00edrez.<\/p>\n\n\n\n<p>LO AMONEST\u00d3<\/p>\n\n\n\n<p>El 7 de junio, el Tribunal Electoral confirm\u00f3 la amonestaci\u00f3n p\u00fablica a la Presidencia de la Rep\u00fablica por parte del INE debido a que los materiales audiovisuales en los que se hablaba de la elecci\u00f3n local segu\u00edan visibles en las plataformas.<\/p>\n\n\n\n<p>El proyecto del magistrado presidente, Reyes Rodr\u00edguez Mondrag\u00f3n se\u00f1alaba que el INE s\u00ed pod\u00eda \u201cimponer las medidas de apremio que estime pertinentes, y que se encuentren previstas en el reglamento del Instituto\u201d.<\/p>\n\n\n\n<p>Al confirmarse el triunfo de Delfina G\u00f3mez en el Estado de M\u00e9xico, desde los partidos de oposici\u00f3n, particularmente Santiago Creel y Kenia L\u00f3pez Rabad\u00e1n, acusaron a Morena y L\u00f3pez Obrador de implementar una elecci\u00f3n de Estado para ganar la elecci\u00f3n.<\/p>\n\n\n\n<p>Se\u00f1alaron que la entrega de programas sociales estuvo orientada a favorecer al partido en el poder, adem\u00e1s de que el mandatario federal intervino p\u00fablicamente durante los periodos de campa\u00f1a.<\/p>\n\n\n\n<p>Por otra parte, este 28 de junio, dos de los nuevos consejeros del INE frenaron el proyecto para emitir medidas cautelares y frenar las campa\u00f1as que actualmente llevan a cabo las seis corcholatas de Morena.<\/p>\n\n\n\n<p>(Informaci\u00f3n de Infobae M\u00e9xico)<\/p>\n","protected":false},"excerpt":{"rendered":"<p>Redacci\u00f3n\/Zona Roja Cdmx. Ciudad de M\u00e9xico, a 30 de junio de 2023.- El Presidente Andr\u00e9s&hellip;<\/p>\n","protected":false},"author":2,"featured_media":56186,"comment_status":"closed","ping_status":"open","sticky":false,"template":"","format":"standard","meta":{"_lmt_disableupdate":"","_lmt_disable":"","_jetpack_memberships_contains_paid_content":false,"footnotes":""},"categories":[109,47],"tags":[143],"class_list":["post-57029","post","type-post","status-publish","format-standard","has-post-thumbnail","hentry","category-minuto-a-minuto","category-zona-gris","tag-andres-manuel-lopez-obrador"],"jetpack_featured_media_url":"https:\/\/zonaroja.com.mx\/wp-content\/uploads\/2023\/06\/Andres-Manuel-Lopez-Obrador.jpeg","jetpack_sharing_enabled":true,"_links":{"self":[{"href":"https:\/\/zonaroja.com.mx\/index.php?rest_route=\/wp\/v2\/posts\/57029","targetHints":{"allow":["GET"]}}],"collection":[{"href":"https:\/\/zonaroja.com.mx\/index.php?rest_route=\/wp\/v2\/posts"}],"about":[{"href":"https:\/\/zonaroja.com.mx\/index.php?rest_route=\/wp\/v2\/types\/post"}],"author":[{"embeddable":true,"href":"https:\/\/zonaroja.com.mx\/index.php?rest_route=\/wp\/v2\/users\/2"}],"replies":[{"embeddable":true,"href":"https:\/\/zonaroja.com.mx\/index.php?rest_route=%2Fwp%2Fv2%2Fcomments&post=57029"}],"version-history":[{"count":1,"href":"https:\/\/zonaroja.com.mx\/index.php?rest_route=\/wp\/v2\/posts\/57029\/revisions"}],"predecessor-version":[{"id":57030,"href":"https:\/\/zonaroja.com.mx\/index.php?rest_route=\/wp\/v2\/posts\/57029\/revisions\/57030"}],"wp:featuredmedia":[{"embeddable":true,"href":"https:\/\/zonaroja.com.mx\/index.php?rest_route=\/wp\/v2\/media\/56186"}],"wp:attachment":[{"href":"https:\/\/zonaroja.com.mx\/index.php?rest_route=%2Fwp%2Fv2%2Fmedia&parent=57029"}],"wp:term":[{"taxonomy":"category","embeddable":true,"href":"https:\/\/zonaroja.com.mx\/index.php?rest_route=%2Fwp%2Fv2%2Fcategories&post=57029"},{"taxonomy":"post_tag","embeddable":true,"href":"https:\/\/zonaroja.com.mx\/index.php?rest_route=%2Fwp%2Fv2%2Ftags&post=57029"}],"curies":[{"name":"wp","href":"https:\/\/api.w.org\/{rel}","templated":true}]}}