{"id":57033,"date":"2023-06-30T15:04:00","date_gmt":"2023-06-30T20:04:00","guid":{"rendered":"http:\/\/www.zonaroja.com.mx\/?p=57033"},"modified":"2023-06-30T09:07:18","modified_gmt":"2023-06-30T14:07:18","slug":"imparte-centro-de-justicia-alternativa-talleres-de-prevencion-sobre-el-bullying","status":"publish","type":"post","link":"https:\/\/zonaroja.com.mx\/?p=57033","title":{"rendered":"Imparte Centro de Justicia Alternativa\u00a0 talleres\u00a0de prevenci\u00f3n sobre el\u00a0Bullying"},"content":{"rendered":"\n<p>Redacci\u00f3n\/Zona Roja.<\/p>\n\n\n\n<p>Oaxaca de Ju\u00e1rez, Oax., a 30 de junio de 2023.- &nbsp;Como parte de las actividades que realiza&nbsp;el Centro de Justicia Alternativa del Poder Judicial del Estado&nbsp;para promover la cultura de la paz&nbsp;y la soluci\u00f3n de conflictos a trav\u00e9s del di\u00e1logo, con los temas:&nbsp;Qu\u00e9&nbsp;sigue despu\u00e9s del&nbsp;bullying, El&nbsp;bullying&nbsp;y la violencia escolar&nbsp;y Qu\u00e9 es el&nbsp;bullying&nbsp;y&nbsp;c\u00f3mo&nbsp;protegerme, se llevan a cabo talleres en planteles educativos de educaci\u00f3n Primaria y Secundaria.<\/p>\n\n\n\n<p>A trav\u00e9s de estas&nbsp;pr\u00e1cticas y con el apoyo de personal especializado&nbsp;se fomentan&nbsp;valores como el respeto,&nbsp;la&nbsp;empat\u00eda, justicia, sana convivencia social e igualdad, adem\u00e1s de&nbsp;dar a conocer las ventajas de herramientas como la&nbsp;mediaci\u00f3n para resolver&nbsp;diferentes problem\u00e1ticas que surgen entre&nbsp;la comunidad escolar.&nbsp;<\/p>\n\n\n\n<p>Entre las escuelas que han recibido la capacitaci\u00f3n se encuentran la Primaria \u201cEnrique C.&nbsp;Rebsamen\u201d y la Primaria \u201cHermanos Flores Mag\u00f3n\u201d, de la ciudad de Oaxaca de Ju\u00e1rez y la Secundaria \u201cIgnacio Manuel Altamirano\u201d, de San Francisco&nbsp;Telixtlahuaca.&nbsp;<\/p>\n\n\n\n<p>La&nbsp;directora del Centro de Justicia Alternativa del Poder Judicial de Oaxaca,&nbsp;Betzzaida&nbsp;Cruz Mendoza, invit\u00f3 a los padres de familia y maestros a que se pongan en contacto con esta instituci\u00f3n donde se les orientar\u00e1 sobre la eficacia de la mediaci\u00f3n como un m\u00e9todo de aplicaci\u00f3n en la vida diaria con el que se pueden evitar conflictos de diferente \u00edndole que concluyan en procedimientos judiciales.<\/p>\n\n\n\n<p>El Centro de Justicia Alternativa se ubica en Calzada Madero n\u00famero 908, Ex Marquesado, Centro, Oaxaca, con n\u00fameros telef\u00f3nicos 51 4 91 91y 800 821 77 89.<\/p>\n","protected":false},"excerpt":{"rendered":"<p>Redacci\u00f3n\/Zona Roja. Oaxaca de Ju\u00e1rez, Oax., a 30 de junio de 2023.- &nbsp;Como parte de&hellip;<\/p>\n","protected":false},"author":2,"featured_media":57018,"comment_status":"closed","ping_status":"open","sticky":false,"template":"","format":"standard","meta":{"_lmt_disableupdate":"","_lmt_disable":"","_jetpack_memberships_contains_paid_content":false,"footnotes":""},"categories":[109,46],"tags":[223],"class_list":["post-57033","post","type-post","status-publish","format-standard","has-post-thumbnail","hentry","category-minuto-a-minuto","category-zona-blanca","tag-poder-judicial-de-oaxaca"],"jetpack_featured_media_url":"https:\/\/zonaroja.com.mx\/wp-content\/uploads\/2023\/06\/Se-fomentan-valores-y-la-sana-convivencia.jpg","jetpack_sharing_enabled":true,"_links":{"self":[{"href":"https:\/\/zonaroja.com.mx\/index.php?rest_route=\/wp\/v2\/posts\/57033","targetHints":{"allow":["GET"]}}],"collection":[{"href":"https:\/\/zonaroja.com.mx\/index.php?rest_route=\/wp\/v2\/posts"}],"about":[{"href":"https:\/\/zonaroja.com.mx\/index.php?rest_route=\/wp\/v2\/types\/post"}],"author":[{"embeddable":true,"href":"https:\/\/zonaroja.com.mx\/index.php?rest_route=\/wp\/v2\/users\/2"}],"replies":[{"embeddable":true,"href":"https:\/\/zonaroja.com.mx\/index.php?rest_route=%2Fwp%2Fv2%2Fcomments&post=57033"}],"version-history":[{"count":1,"href":"https:\/\/zonaroja.com.mx\/index.php?rest_route=\/wp\/v2\/posts\/57033\/revisions"}],"predecessor-version":[{"id":57034,"href":"https:\/\/zonaroja.com.mx\/index.php?rest_route=\/wp\/v2\/posts\/57033\/revisions\/57034"}],"wp:featuredmedia":[{"embeddable":true,"href":"https:\/\/zonaroja.com.mx\/index.php?rest_route=\/wp\/v2\/media\/57018"}],"wp:attachment":[{"href":"https:\/\/zonaroja.com.mx\/index.php?rest_route=%2Fwp%2Fv2%2Fmedia&parent=57033"}],"wp:term":[{"taxonomy":"category","embeddable":true,"href":"https:\/\/zonaroja.com.mx\/index.php?rest_route=%2Fwp%2Fv2%2Fcategories&post=57033"},{"taxonomy":"post_tag","embeddable":true,"href":"https:\/\/zonaroja.com.mx\/index.php?rest_route=%2Fwp%2Fv2%2Ftags&post=57033"}],"curies":[{"name":"wp","href":"https:\/\/api.w.org\/{rel}","templated":true}]}}