{"id":57038,"date":"2023-06-30T20:03:13","date_gmt":"2023-07-01T01:03:13","guid":{"rendered":"http:\/\/www.zonaroja.com.mx\/?p=57038"},"modified":"2023-06-30T20:03:16","modified_gmt":"2023-07-01T01:03:16","slug":"dice-la-ddhpo-que-no-contrato-a-abogados-comite-de-victimas-la-refuta","status":"publish","type":"post","link":"https:\/\/zonaroja.com.mx\/?p=57038","title":{"rendered":"Dice la DDHPO que no contrat\u00f3 a abogados; Comit\u00e9 de V\u00edctimas la refuta"},"content":{"rendered":"\n<p>Yuridiana Sosa\/Zona Roja.<\/p>\n\n\n\n<p>Oaxaca de Ju\u00e1rez, Oax., a 30 de junio de 2023.- Mientras que el Comit\u00e9 de V\u00edctimas por Justicia y Verdad \u201c19 de junio\u201d de Nochixtl\u00e1n acus\u00f3 a la Defensor\u00eda de Oaxaca de su relaci\u00f3n laboral con el abogado de tres agresores en la masacre, el organismo aut\u00f3nomo trat\u00f3 de deslindarse de los hechos, causando mayor irritaci\u00f3n de parte de las v\u00edctimas.<\/p>\n\n\n\n<p>Tras los primeros se\u00f1alamientos del Comit\u00e9 de V\u00edctimas contra la Defensor\u00eda de los Derechos Humanos de Pueblo de Oaxaca (DDHPO)sobre la contrataci\u00f3n de Ren\u00e9 Hern\u00e1ndez Reyes, abogado de presuntos responsables de los hechos violentos de Nochixtl\u00e1n, y por lo que ped\u00edan su destituci\u00f3n, la defensor\u00eda neg\u00f3 los hechos.<\/p>\n\n\n\n<p>Por medio de un comunicado, la instituci\u00f3n que encabeza Elizabeth Lara Rodr\u00edguez neg\u00f3 que Hern\u00e1ndez Reyes sea coordinador jur\u00eddico de la DDHPO, ni mantiene ning\u00fan tipo de relaci\u00f3n laboral ni ha sido contratado en la actual administraci\u00f3n.<\/p>\n\n\n\n<p>Aunque reconoci\u00f3 que se \u201c\u00fanicamente se solicit\u00f3 a Hern\u00e1ndez Reyes, como profesional del Derecho, a asistir a una reuni\u00f3n de informaci\u00f3n con la finalidad de orientar, de ser el caso, a las personas que prestaban sus servicios profesionales en esta defensor\u00eda\u201d.<\/p>\n\n\n\n<p>La respuesta institucional provoc\u00f3 una segunda reacci\u00f3n del Comit\u00e9 de V\u00edctimas de Nochixtl\u00e1n, el cual asever\u00f3 que la Defensor\u00eda de Oaxaca miente y existen audios donde en dicha reuni\u00f3n con los ex trabajadores fue presentado como el asesor jur\u00eddico.<\/p>\n\n\n\n<p>De acuerdo a la versi\u00f3n de la organizaci\u00f3n, el abogado no \u201corient\u00f3\u201d a los ex trabajadores, sino por el contrario, se dedic\u00f3 a tratar de convencerlos que su despido se deb\u00eda a los momentos pol\u00edticos.<\/p>\n\n\n\n<p>Hern\u00e1ndez Reyes es abogado de Carlos Guerrero Romero, Juan Peralta Alav\u00e9s y Froylan Carlos Cruz, presuntos responsables de la agresi\u00f3n armada contra civiles para desalojar un bloqueo.<\/p>\n\n\n\n<p>\u201cEl comunicado es una respuesta desesperada por la torpeza que cometieron al contratar al se\u00f1or Ren\u00e9 Hern\u00e1ndez Reyes como parte de la estructura de la Defensor\u00eda\u2026 y ante la falta de una perspectiva de derechos humanos este reitera su desconocimiento hacia la Defensor\u00eda de los Derechos Humanos del Pueblo de Oaxaca\u201d, asever\u00f3.<\/p>\n\n\n\n<p>Adem\u00e1s, responsabiliz\u00f3 a la actual administraci\u00f3n de cualquier informaci\u00f3n confidencial o reservada de las v\u00edctimas del 19 de junio de 2016 que obran en los expedientes de la DDHPO y a la que pudiera acceder, sin su consentimiento, Hern\u00e1ndez Reyes.<\/p>\n","protected":false},"excerpt":{"rendered":"<p>Yuridiana Sosa\/Zona Roja. Oaxaca de Ju\u00e1rez, Oax., a 30 de junio de 2023.- Mientras que&hellip;<\/p>\n","protected":false},"author":2,"featured_media":57039,"comment_status":"closed","ping_status":"open","sticky":false,"template":"","format":"standard","meta":{"_lmt_disableupdate":"","_lmt_disable":"","_jetpack_memberships_contains_paid_content":false,"footnotes":""},"categories":[109,47],"tags":[286],"class_list":["post-57038","post","type-post","status-publish","format-standard","has-post-thumbnail","hentry","category-minuto-a-minuto","category-zona-gris","tag-defensoria-de-los-derechos-humanos-del-pueblo-de-oaxaca"],"jetpack_featured_media_url":"https:\/\/zonaroja.com.mx\/wp-content\/uploads\/2023\/06\/DDHPO-caso-abogado-Comite-de-Victimas.jpg","jetpack_sharing_enabled":true,"_links":{"self":[{"href":"https:\/\/zonaroja.com.mx\/index.php?rest_route=\/wp\/v2\/posts\/57038","targetHints":{"allow":["GET"]}}],"collection":[{"href":"https:\/\/zonaroja.com.mx\/index.php?rest_route=\/wp\/v2\/posts"}],"about":[{"href":"https:\/\/zonaroja.com.mx\/index.php?rest_route=\/wp\/v2\/types\/post"}],"author":[{"embeddable":true,"href":"https:\/\/zonaroja.com.mx\/index.php?rest_route=\/wp\/v2\/users\/2"}],"replies":[{"embeddable":true,"href":"https:\/\/zonaroja.com.mx\/index.php?rest_route=%2Fwp%2Fv2%2Fcomments&post=57038"}],"version-history":[{"count":1,"href":"https:\/\/zonaroja.com.mx\/index.php?rest_route=\/wp\/v2\/posts\/57038\/revisions"}],"predecessor-version":[{"id":57040,"href":"https:\/\/zonaroja.com.mx\/index.php?rest_route=\/wp\/v2\/posts\/57038\/revisions\/57040"}],"wp:featuredmedia":[{"embeddable":true,"href":"https:\/\/zonaroja.com.mx\/index.php?rest_route=\/wp\/v2\/media\/57039"}],"wp:attachment":[{"href":"https:\/\/zonaroja.com.mx\/index.php?rest_route=%2Fwp%2Fv2%2Fmedia&parent=57038"}],"wp:term":[{"taxonomy":"category","embeddable":true,"href":"https:\/\/zonaroja.com.mx\/index.php?rest_route=%2Fwp%2Fv2%2Fcategories&post=57038"},{"taxonomy":"post_tag","embeddable":true,"href":"https:\/\/zonaroja.com.mx\/index.php?rest_route=%2Fwp%2Fv2%2Ftags&post=57038"}],"curies":[{"name":"wp","href":"https:\/\/api.w.org\/{rel}","templated":true}]}}