{"id":57041,"date":"2023-06-30T20:04:19","date_gmt":"2023-07-01T01:04:19","guid":{"rendered":"http:\/\/www.zonaroja.com.mx\/?p=57041"},"modified":"2023-06-30T20:04:35","modified_gmt":"2023-07-01T01:04:35","slug":"liberan-sanos-a-los-16-trabajadores-retenidos-en-chiapas-se-ignora-aun-acuerdos","status":"publish","type":"post","link":"https:\/\/zonaroja.com.mx\/?p=57041","title":{"rendered":"Liberan sanos a los 16 trabajadores retenidos en Chiapas; se ignora a\u00fan acuerdos"},"content":{"rendered":"\n<p>Redacci\u00f3n\/Zona Roja Cdmx.<\/p>\n\n\n\n<p>Ciudad de M\u00e9xico, a 30 de junio de 2023.- Los 16 trabajadores de la Secretar\u00eda de Seguridad y Protecci\u00f3n Ciudadana de Chiapas&nbsp;\u201clevantados\u201d el martes fueron hallados con vida y se reencontraron con sus familias este viernes.<\/p>\n\n\n\n<p>El grupo de trabajadores administrativos regresaron con vida con sus familiares y fueron inmediatamente atendidos en ambulancias, luego de permanecer secuestrados cuatro d\u00edas.<\/p>\n\n\n\n<p>Uno de los trabajadores administrativos levantados, Jos\u00e9 Luis Ram\u00edrez D\u00edaz, dijo para \u201cMilenio\u00bb Televisi\u00f3n que \u00e9l no supo nada de los t\u00e9rminos para su liberaci\u00f3n.&nbsp;<\/p>\n\n\n\n<p>A trav\u00e9s de sus redes sociales, el gobernador de Chiapas, Rutilio Escand\u00f3n, confirm\u00f3 la liberaci\u00f3n de los 16 trabajadores. Agradeci\u00f3 al presidente, Andr\u00e9s Manuel L\u00f3pez Obrador, y a las fuerzas de seguridad.&nbsp;<\/p>\n\n\n\n<p>\u00abQuiero informar al pueblo de Chiapas y de M\u00e9xico que los 16 compa\u00f1eros de la SSyPC secuestrados, han sido liberados esta tarde. Agradecemos al Presidente&nbsp;@lopezobrador_, al Ej\u00e9rcito Mexicano, la Marina, la Guardia Nacional, las Fiscal\u00edas y Polic\u00edas Estatales por su colaboraci\u00f3n.\u00bb escribi\u00f3.&nbsp;<\/p>\n\n\n\n<p>La privaci\u00f3n de la libertad ocurri\u00f3 en el tramo carretero Ocozocoautla-Tuxtla Guti\u00e9rrez, cuando los trabajadores viajaban a bordo de un autob\u00fas de la dependencia. Seg\u00fan informes, dos camionetas con individuos armados y encapuchados interceptaron el veh\u00edculo oficial y se llevaron a los 16 trabajadores.<\/p>\n\n\n\n<p>Desde el momento en que se recibi\u00f3 el reporte del levantamiento, se activaron operativos de rescate. Las fuerzas armadas, junto con la Fiscal\u00eda de Chiapas, desplegaron un operativo para dar con el paradero de los trabajadores.<\/p>\n\n\n\n<p>(Informaci\u00f3n de \u201cMilenio\u201d)<\/p>\n","protected":false},"excerpt":{"rendered":"<p>Redacci\u00f3n\/Zona Roja Cdmx. Ciudad de M\u00e9xico, a 30 de junio de 2023.- Los 16 trabajadores&hellip;<\/p>\n","protected":false},"author":2,"featured_media":57042,"comment_status":"closed","ping_status":"open","sticky":false,"template":"","format":"standard","meta":{"_lmt_disableupdate":"","_lmt_disable":"","_jetpack_memberships_contains_paid_content":false,"footnotes":""},"categories":[109,47],"tags":[1201],"class_list":["post-57041","post","type-post","status-publish","format-standard","has-post-thumbnail","hentry","category-minuto-a-minuto","category-zona-gris","tag-chiapas"],"jetpack_featured_media_url":"https:\/\/zonaroja.com.mx\/wp-content\/uploads\/2023\/06\/Liberados-secuestrados-Chiapas.webp","jetpack_sharing_enabled":true,"_links":{"self":[{"href":"https:\/\/zonaroja.com.mx\/index.php?rest_route=\/wp\/v2\/posts\/57041","targetHints":{"allow":["GET"]}}],"collection":[{"href":"https:\/\/zonaroja.com.mx\/index.php?rest_route=\/wp\/v2\/posts"}],"about":[{"href":"https:\/\/zonaroja.com.mx\/index.php?rest_route=\/wp\/v2\/types\/post"}],"author":[{"embeddable":true,"href":"https:\/\/zonaroja.com.mx\/index.php?rest_route=\/wp\/v2\/users\/2"}],"replies":[{"embeddable":true,"href":"https:\/\/zonaroja.com.mx\/index.php?rest_route=%2Fwp%2Fv2%2Fcomments&post=57041"}],"version-history":[{"count":1,"href":"https:\/\/zonaroja.com.mx\/index.php?rest_route=\/wp\/v2\/posts\/57041\/revisions"}],"predecessor-version":[{"id":57043,"href":"https:\/\/zonaroja.com.mx\/index.php?rest_route=\/wp\/v2\/posts\/57041\/revisions\/57043"}],"wp:featuredmedia":[{"embeddable":true,"href":"https:\/\/zonaroja.com.mx\/index.php?rest_route=\/wp\/v2\/media\/57042"}],"wp:attachment":[{"href":"https:\/\/zonaroja.com.mx\/index.php?rest_route=%2Fwp%2Fv2%2Fmedia&parent=57041"}],"wp:term":[{"taxonomy":"category","embeddable":true,"href":"https:\/\/zonaroja.com.mx\/index.php?rest_route=%2Fwp%2Fv2%2Fcategories&post=57041"},{"taxonomy":"post_tag","embeddable":true,"href":"https:\/\/zonaroja.com.mx\/index.php?rest_route=%2Fwp%2Fv2%2Ftags&post=57041"}],"curies":[{"name":"wp","href":"https:\/\/api.w.org\/{rel}","templated":true}]}}