{"id":57045,"date":"2023-06-30T21:17:08","date_gmt":"2023-07-01T02:17:08","guid":{"rendered":"http:\/\/www.zonaroja.com.mx\/?p=57045"},"modified":"2023-06-30T21:17:11","modified_gmt":"2023-07-01T02:17:11","slug":"aun-sin-localizar-unas-300-piezas-en-bodegas-del-museo-de-oaxaca","status":"publish","type":"post","link":"https:\/\/zonaroja.com.mx\/?p=57045","title":{"rendered":"A\u00fan sin localizar unas 300 piezas en bodegas del Museo de Oaxaca"},"content":{"rendered":"\n<p>Yuridiana Sosa\/Zona Roja.<\/p>\n\n\n\n<p>Oaxaca de Ju\u00e1rez, Oax., a 30 de junio de 2023.- Por el faltante de m\u00e1s de 500 piezas de arte, tras la recuperaci\u00f3n de las instalaciones del Museo de Arte Contempor\u00e1neo de Oaxaca (MACO), el gobierno de Oaxaca, a trav\u00e9s de la Fiscal\u00eda del Estado cate\u00f3 dos domicilios en busca del acervo cultural al que ten\u00eda acceso a asociaci\u00f3n civil Amigos del MACO; pero a\u00fan faltan por recuperar cerca de 300.<\/p>\n\n\n\n<p>Entre las 05:00 y 11:30 horas de hoy, con apoyo de elementos policiacos,&nbsp;la Agencia Estatal de Investigaciones (AEI) inici\u00f3 los cateos producto de la orden de cateo dentro de la carpeta de investigaci\u00f3n 229 26\/FVCE\/CA\/2023, por el delito de robo cometido en perjuicio patrimonial del gobierno de Oaxaca, dentro del cuaderno de antecedentes n\u00famero 264\/2023.<\/p>\n\n\n\n<p>El primero se ejecut\u00f3 en la bodega de arte que alberga la colecci\u00f3n del MACO, &nbsp;ubicada en la Calle 21 de marzo 206, Colonia Uni\u00f3n y Progreso, y el segundo en la calle Mariano Abasolo n\u00famero 308, ambos en la capital.<\/p>\n\n\n\n<p>FALTAN PIEZAS<\/p>\n\n\n\n<p>La Consejer\u00eda Jur\u00eddica indic\u00f3 que tras recuperar el inmueble del MACO por la rescisi\u00f3n del contrato de comodato con la asociaci\u00f3n Amigos del Museo A.C., el pasado 28 de junio, se detect\u00f3 el faltante de 574 piezas, entre pinturas, gr\u00e1fica, escultura, cer\u00e1mica, textil, objetos, fotograf\u00eda, video, premios, Bienal Tamayo y colecci\u00f3n infantil.<\/p>\n\n\n\n<p>Tras la intervenci\u00f3n de este viernes, se logr\u00f3 la localizaci\u00f3n de 37 obras en el MACO, y 145 obras en el domicilio de Uni\u00f3n y Progreso, del acervo cultural faltante propiedad del Gobierno del Estado de Oaxaca. Lo que refiere un faltante de las piezas buscadas.<\/p>\n\n\n\n<p>Por su parte, la Fiscal\u00eda General del Estado de Oaxaca se\u00f1al\u00f3 que recibieron una denuncia por un faltante de 534 piezas de arte, por lo que obtuvo del Juez, la orden de cateo correspondiente.<\/p>\n\n\n\n<figure class=\"wp-block-embed is-type-rich is-provider-twitter wp-block-embed-twitter\"><div class=\"wp-block-embed__wrapper\">\n<div class=\"twitter-tweet\"><blockquote class=\"twitter-tweet\" data-lang=\"es\"><p lang=\"es\" dir=\"ltr\"><a href=\"https:\/\/twitter.com\/hashtag\/%C3%9AltimoMinuto?src=hash&amp;ref_src=twsrc%5Etfw\">#\u00daltimoMinuto<\/a><br>Este es el momento en que personal de la <a href=\"https:\/\/twitter.com\/FISCALIA_GobOax?ref_src=twsrc%5Etfw\">@FISCALIA_GobOax<\/a> y de la <a href=\"https:\/\/twitter.com\/ConsejeriaOax?ref_src=twsrc%5Etfw\">@ConsejeriaOax<\/a> ingresan a una bodega del <a href=\"https:\/\/twitter.com\/MACOaxaca?ref_src=twsrc%5Etfw\">@MACOaxaca<\/a> en la calle Abasolo de la capital, para revisar los bienes art\u00edsticos. <a href=\"https:\/\/t.co\/CyxTH47Cli\">pic.twitter.com\/CyxTH47Cli<\/a><\/p>&mdash; Zona Roja Oaxaca (@ZonaRoja_Oaxaca) <a href=\"https:\/\/twitter.com\/ZonaRoja_Oaxaca\/status\/1674847080345370639?ref_src=twsrc%5Etfw\">30 de junio de 2023<\/a><\/blockquote><\/div>\n<\/div><\/figure>\n\n\n\n<p>\u201cCabe destacar que luego que se recobrara el inmueble del MACO, ubicado en la calle Macedonio Alcal\u00e1 n\u00famero 202, en el Centro de la ciudad de Oaxaca de Ju\u00e1rez, por la rescisi\u00f3n del contrato de comodato con la asociaci\u00f3n denominada \u201cAmigos del Museo A.C.\u201d, se identific\u00f3 que exist\u00eda un faltante de obras, que no se encontraban en dicho lugar\u201d, precis\u00f3.<\/p>\n\n\n\n<p>Durante los cateos de este viernes, apunt\u00f3, se logr\u00f3 la localizaci\u00f3n del acervo cultural faltante propiedad del Gobierno del Estado de Oaxaca, perteneciente al Museo de Arte Contempor\u00e1neo.<\/p>\n\n\n\n<p>OTRA VERSI\u00d3N<\/p>\n\n\n\n<p>La asociaci\u00f3n Amigos del MACO emiti\u00f3 un posicionamiento ante los hechos registrados desde el d\u00eda 28y este 30 de junio, de los que descarta todo acto se\u00f1alado como robo por parte del Gobierno del Estado.<\/p>\n\n\n\n<p>El pasado mi\u00e9rcoles, detall\u00f3, luego que la Consejer\u00eda Jur\u00eddica, junto con elementos policiales, tomaran posesi\u00f3n del inmueble del MACO, en la calle de Macedonio Alcal\u00e1 \u2013Andador Tur\u00edstico- , el consejero Jur\u00eddico Geovany V\u00e1squez Segrero orden\u00f3 un inventario de las obras.<\/p>\n\n\n\n<p>Amigos del MACO refiri\u00f3 que esas obras son \u201cpropiedad exclusiva de las artistas que ingresaron al Museo en calidad de pr\u00e9stamo\u201d.<\/p>\n\n\n\n<p>La inspecci\u00f3n notarial que qued\u00f3 asentada en el acta se\u00f1al\u00f3 un aval\u00fao de 15 obras de la artista Tania Bello, 20 obras de Susana Wald, tres obras de Patricia Belli, una obra de Rub\u00e9n Leyva, as\u00ed como un proyector de video de alta gama prestado por la Fundaci\u00f3n Internacional Kadist Art Foundation de San Francisco, Estados Unidos, las cuales permanecen al interior del inmueble.<\/p>\n\n\n\n<p>Tras ello, el director del museo, Oliver Mart\u00ednez Kandt, quien se encontraba solo en la b\u00fasqueda de material para empacar y salvaguardar las obras prestadas para exposici\u00f3n, un miembro de la polic\u00eda estatal le present\u00f3 su arma de asalto R15, y cort\u00f3 cartucho.<\/p>\n\n\n\n<p>Y ante el operativo de este viernes, el representante de Amigos del Museo de Arte Contempor\u00e1neo de Oaxaca A.C. el pintor Rub\u00e9n Leyva, as\u00ed como el vocero de la Asociaci\u00f3n Edgardo Arag\u00f3n y el director del MACO, Oliver Mart\u00ednez Kandt, solicitaron al gobernador de Oaxaca, Salom\u00f3n Jara, su intervenci\u00f3n para detener los que denominaron \u201cactos de total arbitrariedad policiaca\u201d y los reciba para ampliar la informaci\u00f3n de los hechos.<\/p>\n\n\n\n<p>Los integrantes de la AC aclararon que el inmueble de la calle de Abasolo, donde se realiz\u00f3 el segundo cateo, es privado y pertenece a la asociaci\u00f3n.<\/p>\n\n\n\n<figure class=\"wp-block-embed is-type-rich is-provider-twitter wp-block-embed-twitter\"><div class=\"wp-block-embed__wrapper\">\n<div class=\"twitter-tweet\"><blockquote class=\"twitter-tweet\" data-lang=\"es\"><p lang=\"es\" dir=\"ltr\">Confirma la <a href=\"https:\/\/twitter.com\/FISCALIA_GobOax?ref_src=twsrc%5Etfw\">@FISCALIA_GobOax<\/a> cateo a dos inmuebles de la ciudad de Oaxaca, donde se resguarda obra art\u00edstica del <a href=\"https:\/\/twitter.com\/MACOaxaca?ref_src=twsrc%5Etfw\">@MACOaxaca<\/a>. Son 534 piezas las rescatadas en dichos sitios, obra del <a href=\"https:\/\/twitter.com\/GobOax?ref_src=twsrc%5Etfw\">@goboax<\/a>. <a href=\"https:\/\/t.co\/RcbhlgBvwF\">pic.twitter.com\/RcbhlgBvwF<\/a><\/p>&mdash; Zona Roja Oaxaca (@ZonaRoja_Oaxaca) <a href=\"https:\/\/twitter.com\/ZonaRoja_Oaxaca\/status\/1674876016001712128?ref_src=twsrc%5Etfw\">30 de junio de 2023<\/a><\/blockquote><\/div>\n<\/div><\/figure>\n\n\n\n<p>ATENTADO CONTRA EL ARTE<\/p>\n\n\n\n<p>A trav\u00e9s de sus redes sociales, el vocero de la asociaci\u00f3n Amigos del MACO, Edgardo Arag\u00f3n, se\u00f1al\u00f3 los actos en contra de los artistas, por lo que tambi\u00e9n ya iniciaron actos legales para su protecci\u00f3n.<\/p>\n\n\n\n<p>\u201cEl Gobierno del Estado de Oaxaca acaba de tomar por asalto a la bodega del MACO. Acusa a la AC de robo en contra del Estado\u201d, alert\u00f3 en el primer mensaje.<\/p>\n\n\n\n<p>El vocero continu\u00f3: \u201cEst\u00e1n despojando por la fuerza a la asociaci\u00f3n civil Amigos del MACO del patrimonio acumulado durante 31 a\u00f1os. Hay una burda persecuci\u00f3n pol\u00edtica con todo el uso de la fuerza del Estado para ocupar los edificios y la colecci\u00f3n de arte\u201d.<\/p>\n\n\n\n<p>Desde su perspectiva advirti\u00f3 de la fabricaci\u00f3n de un delito. Seguido de ello mostr\u00f3 el oficio del acta para la orden de cateo con fecha del 30 de junio. Y agreg\u00f3 en otro mensaje: \u201cPerseguir artistas y no criminales es un acto de cobard\u00eda\u201d.<\/p>\n\n\n\n<p>Edgardo Arag\u00f3n dijo que por todo ello \u201cestamos tramitando amparos contra \u00f3rdenes de aprehensi\u00f3n, por el delito de promover preservar y exhibir arte contempor\u00e1neo\u201d. \u201cAy\u00fadanos a difundir la informaci\u00f3n\u201d.<\/p>\n\n\n\n<p>\u201cEn Oaxaca ser artista es delito; ser artista en Oaxaca es sin\u00f3nimo de pol\u00edtica; los artistas inventaron Oaxaca, el gobierno estatal lleg\u00f3 gracias a que L\u00f3pez Obrador hizo en la campa\u00f1a electoral, el gobierno morenista del Estado lleg\u00f3 con legitimidad electoral, pero sin poder, por ello cada asunto p\u00fablico se maneja desde la violencia leg\u00edtima y las armas un gobierno d\u00e9bil act\u00faa desde la represi\u00f3n\u201d, acus\u00f3 el vocero de la A.C.<\/p>\n\n\n\n<p>Consider\u00f3 que de seguir el gobierno con estas acciones \u201cse va a desbaratar a mitad de camino, s\u00f3lo le falta pelearse consigo mismo\u201d.<\/p>\n","protected":false},"excerpt":{"rendered":"<p>Yuridiana Sosa\/Zona Roja. Oaxaca de Ju\u00e1rez, Oax., a 30 de junio de 2023.- Por el&hellip;<\/p>\n","protected":false},"author":2,"featured_media":57046,"comment_status":"closed","ping_status":"open","sticky":false,"template":"","format":"standard","meta":{"_lmt_disableupdate":"","_lmt_disable":"","_jetpack_memberships_contains_paid_content":false,"footnotes":""},"categories":[109,46],"tags":[494,2298],"class_list":["post-57045","post","type-post","status-publish","format-standard","has-post-thumbnail","hentry","category-minuto-a-minuto","category-zona-blanca","tag-fiscalia-general-del-estado-de-oaxaca","tag-museo-de-arte-contemporaneo-de-oaxaca-maco"],"jetpack_featured_media_url":"https:\/\/zonaroja.com.mx\/wp-content\/uploads\/2023\/06\/Cateo-bodega-MACO-calle-Abasolo.jpg","jetpack_sharing_enabled":true,"_links":{"self":[{"href":"https:\/\/zonaroja.com.mx\/index.php?rest_route=\/wp\/v2\/posts\/57045","targetHints":{"allow":["GET"]}}],"collection":[{"href":"https:\/\/zonaroja.com.mx\/index.php?rest_route=\/wp\/v2\/posts"}],"about":[{"href":"https:\/\/zonaroja.com.mx\/index.php?rest_route=\/wp\/v2\/types\/post"}],"author":[{"embeddable":true,"href":"https:\/\/zonaroja.com.mx\/index.php?rest_route=\/wp\/v2\/users\/2"}],"replies":[{"embeddable":true,"href":"https:\/\/zonaroja.com.mx\/index.php?rest_route=%2Fwp%2Fv2%2Fcomments&post=57045"}],"version-history":[{"count":1,"href":"https:\/\/zonaroja.com.mx\/index.php?rest_route=\/wp\/v2\/posts\/57045\/revisions"}],"predecessor-version":[{"id":57047,"href":"https:\/\/zonaroja.com.mx\/index.php?rest_route=\/wp\/v2\/posts\/57045\/revisions\/57047"}],"wp:featuredmedia":[{"embeddable":true,"href":"https:\/\/zonaroja.com.mx\/index.php?rest_route=\/wp\/v2\/media\/57046"}],"wp:attachment":[{"href":"https:\/\/zonaroja.com.mx\/index.php?rest_route=%2Fwp%2Fv2%2Fmedia&parent=57045"}],"wp:term":[{"taxonomy":"category","embeddable":true,"href":"https:\/\/zonaroja.com.mx\/index.php?rest_route=%2Fwp%2Fv2%2Fcategories&post=57045"},{"taxonomy":"post_tag","embeddable":true,"href":"https:\/\/zonaroja.com.mx\/index.php?rest_route=%2Fwp%2Fv2%2Ftags&post=57045"}],"curies":[{"name":"wp","href":"https:\/\/api.w.org\/{rel}","templated":true}]}}