{"id":57048,"date":"2023-06-30T21:18:16","date_gmt":"2023-07-01T02:18:16","guid":{"rendered":"http:\/\/www.zonaroja.com.mx\/?p=57048"},"modified":"2023-06-30T22:15:13","modified_gmt":"2023-07-01T03:15:13","slug":"tardaria-ano-y-medio-en-solucionarse-la-crisis-de-la-basura-en-oaxaca","status":"publish","type":"post","link":"https:\/\/zonaroja.com.mx\/?p=57048","title":{"rendered":"Tardar\u00eda a\u00f1o y medio en solucionarse la crisis de la basura en Oaxaca"},"content":{"rendered":"\n<p>Ismael Garc\u00eda M.\/Zona Roja.<\/p>\n\n\n\n<p>Oaxaca de Ju\u00e1rez, Oax., a 30 de junio de 2023.- \u201cEl sello en esta administraci\u00f3n es el asunto de los residuos s\u00f3lidos urbanos; yo he partido de la idea que si hoy se consiguiera el terreno para poder depositar ah\u00ed los residuos s\u00f3lidos, nos va a llevar un a\u00f1o y medio o dos la construcci\u00f3n de las instalaciones para poder depositar ah\u00ed ordenadamente\u201d.<\/p>\n\n\n\n<p>As\u00ed se expres\u00f3 este jueves el presidente municipal de Oaxaca de Ju\u00e1rez, Francisco Mart\u00ednez Neri, al ser abordado en entrevista colectiva acerca de la crisis de la basura, que se desencaden\u00f3 desde octubre pasado y no tiene soluci\u00f3n a la fecha.<\/p>\n\n\n\n<p>\u201cEntonces qu\u00e9 es lo que nos espera, un camino similar al que hemos transcurrido desde el mes de octubre a la fecha y lo que nos resta es tratar de optimizar el manejo de la transportaci\u00f3n y el manejo de los residuos, por eso es que ya est\u00e1 en licitaci\u00f3n una trituradora m\u00e1s grande, una compactara, por eso firmamos con Cruz Azul, porque necesitamos desplomar los costos que hemos tenido\u201d, dijo.<\/p>\n\n\n\n<p>Acept\u00f3 que se ha erogado entre 140 y 150 millones de pesos en el traslado de la basura, a trav\u00e9s de g\u00f3ndolas, a otras entidades del pa\u00eds, debido a que los Valles Centrales no cuentan con un vertedero, tras el cierre del tiradero ubicado en la Villa de Zaachila.<\/p>\n\n\n\n<p>Expuso que la cifra la actualizar\u00e1 la pr\u00f3xima semana, en que rendir\u00e1 un informe del primer semestre de su segundo a\u00f1o de gobierno, pero estim\u00f3 que se gastan alrededor de 22 millones de pesos mensuales en el transporte de la basura.<\/p>\n\n\n\n<p>\u201cQueremos desplomar esa cifra para que tengamos la posibilidad de afrontar el gasto sin tanto problema.<\/p>\n\n\n\n<p>\u201cQuero decir que esto es una cosa muy importante, a pesar de esto, a pesar de la circunstancias en que recibimos, no hemos pedido un solo peso de pr\u00e9stamo, lo hemos financiado, esto quiere decir que el recurso alcanza si se maneja de una manera \u00f3ptima\u201d, afirm\u00f3 Mart\u00ednez Neri.<\/p>\n\n\n\n<p>Con respecto al tiradero clandestino en las riberas del r\u00edo \u201cAtoyac\u201d, en inmediaciones de la Central de Abasto, dijo que es una iniciativa conjunta con el Gobierno del Estado y que el ayuntamiento colaborar\u00e1 tambi\u00e9n financieramente con el el retiro de desechos.<\/p>\n\n\n\n<p>En cuanto al probable desfalco que hered\u00f3 de su antecesor Oswaldo Garc\u00eda Jarqu\u00edn, dijo que contin\u00faan las indagatorias internas por parte de la Contralor\u00eda Municipal y ser\u00eda entre julio y agosto en que se terminen los trabajos.<\/p>\n\n\n\n<figure class=\"wp-block-embed is-type-rich is-provider-twitter wp-block-embed-twitter\"><div class=\"wp-block-embed__wrapper\">\n<div class=\"twitter-tweet\"><blockquote class=\"twitter-tweet\" data-lang=\"es\"><p lang=\"es\" dir=\"ltr\">De instalarse ya el relleno sanitario para los Valles Centrales de Oaxaca, tardar\u00eda entre a\u00f1o y medio y dos a\u00f1os en solucionarse la problem\u00e1tica de la basura inform\u00f3 el edil <a href=\"https:\/\/twitter.com\/FMartinezNeri?ref_src=twsrc%5Etfw\">@FMartinezNeri<\/a>.<br>\u00bfCu\u00e1nto ha gastado desde octubre la fecha por traslado de desechos a otra entidad?<br> De ese\u2026 <a href=\"https:\/\/t.co\/cPn0lSMoa3\">pic.twitter.com\/cPn0lSMoa3<\/a><\/p>&mdash; Zona Roja Oaxaca (@ZonaRoja_Oaxaca) <a href=\"https:\/\/twitter.com\/ZonaRoja_Oaxaca\/status\/1674800829000302592?ref_src=twsrc%5Etfw\">30 de junio de 2023<\/a><\/blockquote><\/div>\n<\/div><\/figure>\n","protected":false},"excerpt":{"rendered":"<p>Ismael Garc\u00eda M.\/Zona Roja. Oaxaca de Ju\u00e1rez, Oax., a 30 de junio de 2023.- \u201cEl&hellip;<\/p>\n","protected":false},"author":2,"featured_media":57049,"comment_status":"closed","ping_status":"open","sticky":false,"template":"","format":"standard","meta":{"_lmt_disableupdate":"","_lmt_disable":"","_jetpack_memberships_contains_paid_content":false,"footnotes":""},"categories":[109,46],"tags":[2418],"class_list":["post-57048","post","type-post","status-publish","format-standard","has-post-thumbnail","hentry","category-minuto-a-minuto","category-zona-blanca","tag-francisco-martinez-neri"],"jetpack_featured_media_url":"https:\/\/zonaroja.com.mx\/wp-content\/uploads\/2023\/06\/Francisco-Martinez-Neri.jpg","jetpack_sharing_enabled":true,"_links":{"self":[{"href":"https:\/\/zonaroja.com.mx\/index.php?rest_route=\/wp\/v2\/posts\/57048","targetHints":{"allow":["GET"]}}],"collection":[{"href":"https:\/\/zonaroja.com.mx\/index.php?rest_route=\/wp\/v2\/posts"}],"about":[{"href":"https:\/\/zonaroja.com.mx\/index.php?rest_route=\/wp\/v2\/types\/post"}],"author":[{"embeddable":true,"href":"https:\/\/zonaroja.com.mx\/index.php?rest_route=\/wp\/v2\/users\/2"}],"replies":[{"embeddable":true,"href":"https:\/\/zonaroja.com.mx\/index.php?rest_route=%2Fwp%2Fv2%2Fcomments&post=57048"}],"version-history":[{"count":2,"href":"https:\/\/zonaroja.com.mx\/index.php?rest_route=\/wp\/v2\/posts\/57048\/revisions"}],"predecessor-version":[{"id":57054,"href":"https:\/\/zonaroja.com.mx\/index.php?rest_route=\/wp\/v2\/posts\/57048\/revisions\/57054"}],"wp:featuredmedia":[{"embeddable":true,"href":"https:\/\/zonaroja.com.mx\/index.php?rest_route=\/wp\/v2\/media\/57049"}],"wp:attachment":[{"href":"https:\/\/zonaroja.com.mx\/index.php?rest_route=%2Fwp%2Fv2%2Fmedia&parent=57048"}],"wp:term":[{"taxonomy":"category","embeddable":true,"href":"https:\/\/zonaroja.com.mx\/index.php?rest_route=%2Fwp%2Fv2%2Fcategories&post=57048"},{"taxonomy":"post_tag","embeddable":true,"href":"https:\/\/zonaroja.com.mx\/index.php?rest_route=%2Fwp%2Fv2%2Ftags&post=57048"}],"curies":[{"name":"wp","href":"https:\/\/api.w.org\/{rel}","templated":true}]}}