{"id":57055,"date":"2023-07-01T09:30:00","date_gmt":"2023-07-01T14:30:00","guid":{"rendered":"http:\/\/www.zonaroja.com.mx\/?p=57055"},"modified":"2023-07-01T08:28:34","modified_gmt":"2023-07-01T13:28:34","slug":"ejecutan-a-joven-en-juchitan-asalto-armado-en-la-capital","status":"publish","type":"post","link":"https:\/\/zonaroja.com.mx\/?p=57055","title":{"rendered":"Ejecutan a joven en Juchit\u00e1n; asalto armado en la capital"},"content":{"rendered":"\n<p>Ismael Garc\u00eda M.\/Zona Roja.<\/p>\n\n\n\n<p>Oaxaca de Ju\u00e1rez, Oax., a 1 de julio de 2023.- El violento mes de junio en Oaxaca cerr\u00f3 con un joven ejecutado en la regi\u00f3n del Istmo, a quien le dejaron un \u201cnarcomensaje\u201d, y un asalto armado en la capital, que no fue atendido por ninguna autoridad policiaca.<\/p>\n\n\n\n<p>Anoche, en inmediaciones de la colonia 6 de Noviembre de la S\u00e9ptima Secci\u00f3n de Juchit\u00e1n de Zaragoza, fue localizado el cuerpo sin vida de un joven, identificado como Francisco W. L., de 19 a\u00f1os de edad.<\/p>\n\n\n\n<p>La v\u00edctima presentaba varios impactos de arma de fuego y una cartulina encima, con un supuesto \u201cnarcomensaje\u201d, adem\u00e1s de una bolsa de pl\u00e1stico en la cabeza; las corporaciones policiacas no tienen ning\u00fan indicio del o de los probables criminales.<\/p>\n\n\n\n<p>Por otra parte, ayer poco despu\u00e9s de las 14:00 horas se registr\u00f3 un asalto armado en la calle Morelos del centro de la ciudad de Oaxaca, a un costado del mercado \u201cLa Merced\u201d.<\/p>\n\n\n\n<p>Presuntamente la v\u00edctima sal\u00eda de dicho centro comercial cuando fue abordado por al menos dos sujetos a bordo de una motocicleta, quienes le arrebataron una bolsa con dinero en efectivo.<\/p>\n\n\n\n<p>El hombre reaccion\u00f3 y sac\u00f3 su arma de fuego, dispar\u00f3 y lesion\u00f3 a uno de los maleantes, pero lograron huir de la zona.<\/p>\n\n\n\n<p>Al sitio nunca llegaron elementos de la polic\u00eda estatal o municipal para atender la emergencia; el reportero Jorge P\u00e9rez, del diario \u201cEl Imparcial\u201d, hall\u00f3 varios casquillos percutidos en la zona.<\/p>\n\n\n\n<p>Casi a la misma hora pero en el cerro del \u201cFort\u00edn\u201d, autoridades encabezadas por el gobernador Salom\u00f3n Jara Cruz encabezaban el inicio del operativo de seguridad para la Guelaguetza 2023.<\/p>\n","protected":false},"excerpt":{"rendered":"<p>Ismael Garc\u00eda M.\/Zona Roja. Oaxaca de Ju\u00e1rez, Oax., a 1 de julio de 2023.- El&hellip;<\/p>\n","protected":false},"author":2,"featured_media":57056,"comment_status":"closed","ping_status":"open","sticky":false,"template":"","format":"standard","meta":{"_lmt_disableupdate":"","_lmt_disable":"","_jetpack_memberships_contains_paid_content":false,"footnotes":""},"categories":[109,51],"tags":[123],"class_list":["post-57055","post","type-post","status-publish","format-standard","has-post-thumbnail","hentry","category-minuto-a-minuto","category-zona-roja","tag-juchitan-de-zaragoza"],"jetpack_featured_media_url":"https:\/\/zonaroja.com.mx\/wp-content\/uploads\/2023\/07\/Ejecutado-en-Juchitan.jpg","jetpack_sharing_enabled":true,"_links":{"self":[{"href":"https:\/\/zonaroja.com.mx\/index.php?rest_route=\/wp\/v2\/posts\/57055","targetHints":{"allow":["GET"]}}],"collection":[{"href":"https:\/\/zonaroja.com.mx\/index.php?rest_route=\/wp\/v2\/posts"}],"about":[{"href":"https:\/\/zonaroja.com.mx\/index.php?rest_route=\/wp\/v2\/types\/post"}],"author":[{"embeddable":true,"href":"https:\/\/zonaroja.com.mx\/index.php?rest_route=\/wp\/v2\/users\/2"}],"replies":[{"embeddable":true,"href":"https:\/\/zonaroja.com.mx\/index.php?rest_route=%2Fwp%2Fv2%2Fcomments&post=57055"}],"version-history":[{"count":1,"href":"https:\/\/zonaroja.com.mx\/index.php?rest_route=\/wp\/v2\/posts\/57055\/revisions"}],"predecessor-version":[{"id":57057,"href":"https:\/\/zonaroja.com.mx\/index.php?rest_route=\/wp\/v2\/posts\/57055\/revisions\/57057"}],"wp:featuredmedia":[{"embeddable":true,"href":"https:\/\/zonaroja.com.mx\/index.php?rest_route=\/wp\/v2\/media\/57056"}],"wp:attachment":[{"href":"https:\/\/zonaroja.com.mx\/index.php?rest_route=%2Fwp%2Fv2%2Fmedia&parent=57055"}],"wp:term":[{"taxonomy":"category","embeddable":true,"href":"https:\/\/zonaroja.com.mx\/index.php?rest_route=%2Fwp%2Fv2%2Fcategories&post=57055"},{"taxonomy":"post_tag","embeddable":true,"href":"https:\/\/zonaroja.com.mx\/index.php?rest_route=%2Fwp%2Fv2%2Ftags&post=57055"}],"curies":[{"name":"wp","href":"https:\/\/api.w.org\/{rel}","templated":true}]}}