{"id":57059,"date":"2023-07-01T11:00:00","date_gmt":"2023-07-01T16:00:00","guid":{"rendered":"http:\/\/www.zonaroja.com.mx\/?p=57059"},"modified":"2023-07-01T08:31:34","modified_gmt":"2023-07-01T13:31:34","slug":"destaca-xoxocotlan-avances-en-obras-y-acciones-a-favor-de-la-poblacion","status":"publish","type":"post","link":"https:\/\/zonaroja.com.mx\/?p=57059","title":{"rendered":"Destaca Xoxocotl\u00e1n avances en obras y acciones a favor de la poblaci\u00f3n"},"content":{"rendered":"\n<p>Redacci\u00f3n\/Zona Roja.<\/p>\n\n\n\n<p>Oaxaca de Ju\u00e1rez, Oax., a 1 de julio de 2023.- &nbsp;Con la puesta en marcha de 20 obras, la mejora en los servicios p\u00fablicos en beneficio de colonias donde m\u00e1s se necesita, as\u00ed como con la implementaci\u00f3n de programas de asistencia social que favorecieron a m\u00e1s de cinco mil habitantes de Santa Cruz Xoxocotl\u00e1n, cierra el mes de junio la administraci\u00f3n municipal que encabeza Inocente Castellanos Alejos.<\/p>\n\n\n\n<p>En ese sentido, el edil xoxe\u00f1o manifest\u00f3 su satisfacci\u00f3n por cumplir poco a poco con las demandas ciudadanas, especialmente, las asentadas en zonas donde desde hace muchos a\u00f1os esperaban respuestas efectivas de las autoridades municipales.<\/p>\n\n\n\n<p>Puso como ejemplo el caso de Lomas de San Javier y la Agencia Municipal de San Juan Bautista La Raya, donde esperaron por m\u00e1s de treinta a\u00f1os que se ejecutaran obras que resolver\u00e1n temas como el drenaje y el suministro de agua y que forman parte de la veintena de acciones iniciadas este mes.<\/p>\n\n\n\n<p>\u201cMe compromet\u00ed a ser el presidente de las obras y lo estoy cumpliendo. Vamos poco a poco, son muchas las necesidades, pero en coordinaci\u00f3n con los representantes vecinales unidos avanzamos todos en el objetivo\u201d, dijo.<\/p>\n\n\n\n<p>En materia de servicios municipales, Castellanos Alejos inform\u00f3 que durante junio se atendi\u00f3 principalmente la limpia y desazolve de arroyos como parte de las tareas preventivas que se realizan, a fin de que se eviten inundaciones por la temporada de lluvias; por otro lado, se accion\u00f3 en el rastreo de accesos a diferentes colonias para facilitar el tr\u00e1nsito vehicular.<\/p>\n\n\n\n<p>\u201cEstamos conscientes de que hay muchos caminos que requieren atenci\u00f3n y lo estaremos haciendo, en la medida de las posibilidades financieras, como lo comenzamos a realizar en el camino al Tequio, donde la condici\u00f3n del clima nos ha impedido avanzar, pero en cuanto lo permita continuaremos para concluirla lo antes posible\u201d, expres\u00f3.<\/p>\n\n\n\n<p>\u201cChente\u201d Castellanos destac\u00f3 tambi\u00e9n la capacitaci\u00f3n del segundo bloque de elementos policiales, que durante el mes que concluy\u00f3 se mantuvo en capacitaci\u00f3n te\u00f3rica y pr\u00e1ctica para garantizar un mejor servicio a la poblaci\u00f3n.&nbsp;<\/p>\n\n\n\n<p>En cuanto a asistencia social, el DIF Municipal, presidido por el maestro Eric Ortiz Hern\u00e1ndez, atendi\u00f3 a cerca de cinco mil personas con programas como el de Vacunaci\u00f3n Covid-19, pruebas de Tamiz, entrega de Subsidios a la Vivienda, Jornadas Visuales y la Tiendita, que recorre el municipio para acercar productos de la canasta b\u00e1sica a costos bajos.<\/p>\n\n\n\n<p>Por \u00faltimo, el presidente municipal de Xoxo, adelant\u00f3 que, en julio, la comunidad demostrar\u00e1 su riqueza cultural, gastron\u00f3mica y artesanal, con la Semana de Guelaguetza Xoxe\u00f1a que ya se prepara para deleite de propios y visitantes.<\/p>\n","protected":false},"excerpt":{"rendered":"<p>Redacci\u00f3n\/Zona Roja. Oaxaca de Ju\u00e1rez, Oax., a 1 de julio de 2023.- &nbsp;Con la puesta&hellip;<\/p>\n","protected":false},"author":2,"featured_media":57060,"comment_status":"closed","ping_status":"open","sticky":false,"template":"","format":"standard","meta":{"_lmt_disableupdate":"","_lmt_disable":"","_jetpack_memberships_contains_paid_content":false,"footnotes":""},"categories":[109,46],"tags":[133],"class_list":["post-57059","post","type-post","status-publish","format-standard","has-post-thumbnail","hentry","category-minuto-a-minuto","category-zona-blanca","tag-santa-cruz-xoxocotlan"],"jetpack_featured_media_url":"https:\/\/zonaroja.com.mx\/wp-content\/uploads\/2023\/07\/Edil-Xoxocotlan.jpg","jetpack_sharing_enabled":true,"_links":{"self":[{"href":"https:\/\/zonaroja.com.mx\/index.php?rest_route=\/wp\/v2\/posts\/57059","targetHints":{"allow":["GET"]}}],"collection":[{"href":"https:\/\/zonaroja.com.mx\/index.php?rest_route=\/wp\/v2\/posts"}],"about":[{"href":"https:\/\/zonaroja.com.mx\/index.php?rest_route=\/wp\/v2\/types\/post"}],"author":[{"embeddable":true,"href":"https:\/\/zonaroja.com.mx\/index.php?rest_route=\/wp\/v2\/users\/2"}],"replies":[{"embeddable":true,"href":"https:\/\/zonaroja.com.mx\/index.php?rest_route=%2Fwp%2Fv2%2Fcomments&post=57059"}],"version-history":[{"count":1,"href":"https:\/\/zonaroja.com.mx\/index.php?rest_route=\/wp\/v2\/posts\/57059\/revisions"}],"predecessor-version":[{"id":57061,"href":"https:\/\/zonaroja.com.mx\/index.php?rest_route=\/wp\/v2\/posts\/57059\/revisions\/57061"}],"wp:featuredmedia":[{"embeddable":true,"href":"https:\/\/zonaroja.com.mx\/index.php?rest_route=\/wp\/v2\/media\/57060"}],"wp:attachment":[{"href":"https:\/\/zonaroja.com.mx\/index.php?rest_route=%2Fwp%2Fv2%2Fmedia&parent=57059"}],"wp:term":[{"taxonomy":"category","embeddable":true,"href":"https:\/\/zonaroja.com.mx\/index.php?rest_route=%2Fwp%2Fv2%2Fcategories&post=57059"},{"taxonomy":"post_tag","embeddable":true,"href":"https:\/\/zonaroja.com.mx\/index.php?rest_route=%2Fwp%2Fv2%2Ftags&post=57059"}],"curies":[{"name":"wp","href":"https:\/\/api.w.org\/{rel}","templated":true}]}}