{"id":57062,"date":"2023-07-01T12:00:00","date_gmt":"2023-07-01T17:00:00","guid":{"rendered":"http:\/\/www.zonaroja.com.mx\/?p=57062"},"modified":"2023-07-01T08:32:58","modified_gmt":"2023-07-01T13:32:58","slug":"alertan-organizaciones-sociales-que-topiles-por-la-paz-violaria-derechos","status":"publish","type":"post","link":"https:\/\/zonaroja.com.mx\/?p=57062","title":{"rendered":"Alertan organizaciones sociales que \u201cTopiles por la paz\u201d violar\u00eda derechos"},"content":{"rendered":"\n<p>Redacci\u00f3n\/Zona Roja.<\/p>\n\n\n\n<p>Oaxaca de Ju\u00e1rez, Oax., a 1 de julio de 2023.- El gobierno de Oaxaca lanz\u00f3 una convocatoria a la poblaci\u00f3n en general para unirse al programa \u201cTopiles por la paz\u201d, con la finalidad de \u201csalvaguardar la m\u00e1xima fiesta del pueblo de Oaxaca\u201d.<\/p>\n\n\n\n<p>Los requisitos, entre otros, contar con una edad m\u00ednima de 18 a\u00f1os; no contar con antecedentes penales; disponibilidad de horario del 1 al 31 de julio y gozar de buena salud f\u00edsica y mental.<\/p>\n\n\n\n<p>Sin embargo, la Red Estatal de V\u00edctimas de Oaxaca \u00abTom\u00e1s Mart\u00ednez\u00bb repudi\u00f3 la convocatoria realizada por el Gobierno del Estado de Oaxaca y consider\u00f3 que est\u00e1 conformado \u201cun grupo parapoliciaco\u201d bajo el programa \u00abTopiles por la Paz\u00bb. \u201cConsideramos esta convocatoria como un acto sumamente preocupante que pone en peligro la integridad y los derechos de los ciudadanos de nuestro estado.<\/p>\n\n\n\n<p>\u201cEl Gobierno del Estado, encabezado por Salom\u00f3n Jara, ha convocado a este grupo parapoliciaco con el supuesto objetivo de \u2018salvaguardar\u00b4 las festividades de la Guelaguetza.&nbsp;<\/p>\n\n\n\n<p>\u201cSin embargo, resulta evidente que esta convocatoria encubre un prop\u00f3sito mucho m\u00e1s oscuro: la creaci\u00f3n de un grupo de choque para enfrentar y reprimir a aquellos que leg\u00edtimamente ejercen su derecho a la protesta y la movilizaci\u00f3n social\u201d, detall\u00f3 en un comunicado.<\/p>\n\n\n\n<p>Indic\u00f3 que la administraci\u00f3n estatal, cual si fuera una pel\u00edcula de ciencia ficci\u00f3n, \u201cconstruye nombres rimbombantes para \u2018reinventar\u2019 sucios resquicios del pasado. Los &#8216;Topiles por la Paz\u2019 en realidad esconden la creaci\u00f3n de grupos parapoliciacos\u201d.&nbsp;<\/p>\n\n\n\n<p>Consider\u00f3 que la formaci\u00f3n de este grupo parapoliciaco es un grave retroceso para el estado y una clara violaci\u00f3n de los derechos humanos.&nbsp;<\/p>\n\n\n\n<p>\u201cSu objetivo impl\u00edcito de enfrentar a la poblaci\u00f3n contra los maestros de la Secci\u00f3n 22 y cualquier individuo o grupo que defienda las demandas leg\u00edtimas de nuestras comunidades y pueblos, s\u00f3lo generar\u00e1 un clima de confrontaci\u00f3n y violencia en lugar de fomentar el di\u00e1logo y la b\u00fasqueda de soluciones pac\u00edficas\u201d.<\/p>\n\n\n\n<p>Por lo que exigi\u00f3 al Gobierno del Estado de Oaxaca a cancelar esta convocatoria y en su lugar buscar v\u00edas de di\u00e1logo y negociaci\u00f3n para abordar las leg\u00edtimas demandas de la sociedad oaxaque\u00f1a.&nbsp;<\/p>\n\n\n\n<p>Llam\u00f3 tambi\u00e9n a las organizaciones sociales, defensores de derechos humanos y a la comunidad en general a manifestar su rechazo y a estar atentos ante cualquier acto de violencia o represi\u00f3n que pueda surgir como consecuencia de esta convocatoria.<\/p>\n","protected":false},"excerpt":{"rendered":"<p>Redacci\u00f3n\/Zona Roja. Oaxaca de Ju\u00e1rez, Oax., a 1 de julio de 2023.- El gobierno de&hellip;<\/p>\n","protected":false},"author":2,"featured_media":57063,"comment_status":"closed","ping_status":"open","sticky":false,"template":"","format":"standard","meta":{"_lmt_disableupdate":"","_lmt_disable":"","_jetpack_memberships_contains_paid_content":false,"footnotes":""},"categories":[109,47],"tags":[3331],"class_list":["post-57062","post","type-post","status-publish","format-standard","has-post-thumbnail","hentry","category-minuto-a-minuto","category-zona-gris","tag-red-estatal-de-victimas-tomas-martinez"],"jetpack_featured_media_url":"https:\/\/zonaroja.com.mx\/wp-content\/uploads\/2023\/07\/Topiles-por-la-Paz-Oaxaca.jpeg","jetpack_sharing_enabled":true,"_links":{"self":[{"href":"https:\/\/zonaroja.com.mx\/index.php?rest_route=\/wp\/v2\/posts\/57062","targetHints":{"allow":["GET"]}}],"collection":[{"href":"https:\/\/zonaroja.com.mx\/index.php?rest_route=\/wp\/v2\/posts"}],"about":[{"href":"https:\/\/zonaroja.com.mx\/index.php?rest_route=\/wp\/v2\/types\/post"}],"author":[{"embeddable":true,"href":"https:\/\/zonaroja.com.mx\/index.php?rest_route=\/wp\/v2\/users\/2"}],"replies":[{"embeddable":true,"href":"https:\/\/zonaroja.com.mx\/index.php?rest_route=%2Fwp%2Fv2%2Fcomments&post=57062"}],"version-history":[{"count":1,"href":"https:\/\/zonaroja.com.mx\/index.php?rest_route=\/wp\/v2\/posts\/57062\/revisions"}],"predecessor-version":[{"id":57064,"href":"https:\/\/zonaroja.com.mx\/index.php?rest_route=\/wp\/v2\/posts\/57062\/revisions\/57064"}],"wp:featuredmedia":[{"embeddable":true,"href":"https:\/\/zonaroja.com.mx\/index.php?rest_route=\/wp\/v2\/media\/57063"}],"wp:attachment":[{"href":"https:\/\/zonaroja.com.mx\/index.php?rest_route=%2Fwp%2Fv2%2Fmedia&parent=57062"}],"wp:term":[{"taxonomy":"category","embeddable":true,"href":"https:\/\/zonaroja.com.mx\/index.php?rest_route=%2Fwp%2Fv2%2Fcategories&post=57062"},{"taxonomy":"post_tag","embeddable":true,"href":"https:\/\/zonaroja.com.mx\/index.php?rest_route=%2Fwp%2Fv2%2Ftags&post=57062"}],"curies":[{"name":"wp","href":"https:\/\/api.w.org\/{rel}","templated":true}]}}