{"id":57065,"date":"2023-07-01T14:00:00","date_gmt":"2023-07-01T19:00:00","guid":{"rendered":"http:\/\/www.zonaroja.com.mx\/?p=57065"},"modified":"2023-07-01T08:37:24","modified_gmt":"2023-07-01T13:37:24","slug":"guardia-nacional-no-hizo-nada-ante-crimen-de-hipolito-mora-recibio-mas-de-mil-disparos","status":"publish","type":"post","link":"https:\/\/zonaroja.com.mx\/?p=57065","title":{"rendered":"Guardia Nacional no hizo nada ante crimen de Hip\u00f3lito Mora; recibi\u00f3 m\u00e1s de mil disparos"},"content":{"rendered":"\n<p>Redacci\u00f3n\/Zona Roja Cdmx.<\/p>\n\n\n\n<p>Ciudad de M\u00e9xico, a 1 de julio de 2023.- En el camino de tierra donde mataron a Hip\u00f3lito Mora, l\u00edder de una agrupaci\u00f3n civil de autodefensa armada, solo quedaba un gran c\u00edrculo de tierra quemada donde incendiaron su veh\u00edculo blindado.<\/p>\n\n\n\n<p>No hab\u00eda presencia visible de la Guardia Nacional ni el Ej\u00e9rcito ni la polic\u00eda.<\/p>\n\n\n\n<p>En su vivienda, a corta distancia, unas 15 personas estaban sentadas frente al ata\u00fad cubierto de flores en un patio. Se aguardaba a que vinieran m\u00e1s personas, como indicaban docenas de sillas vac\u00edas.<\/p>\n\n\n\n<p>Mora era uno de los \u00faltimos l\u00edderes sobrevivientes de las autodefensas de Michoac\u00e1n, grupos de agricultores y rancheros que se armaron para expulsar al c\u00e1rtel de los \u201cCaballeros Templarios\u201d del estado entre 2013 y 2014.<\/p>\n\n\n\n<p>La fiscal\u00eda estatal inform\u00f3 el jueves que pistoleros no identificados bloquearon el veh\u00edculo de Mora y la camioneta de sus guardaespaldas en una calle de su poblaci\u00f3n de La Ruana. Abrieron fuego, acribillaron el veh\u00edculo de Mora y luego lo incendiaron, detall\u00f3 la oficina.<\/p>\n\n\n\n<p>Murieron otros tres hombres, que se cree eran miembros de su guardia personal. Los fiscales dijeron que uno de los cuatro cad\u00e1veres correspond\u00eda con la descripci\u00f3n de Mora.<\/p>\n\n\n\n<p>Su hermano, Guadalupe Mora Ch\u00e1vez, afirm\u00f3 este viernes que hab\u00eda visto a hombres armados en La Ruana y llam\u00f3 a su hermano para advertirle. Su hermano le dijo que estaba enterado, a\u00f1adi\u00f3.<\/p>\n\n\n\n<p>Mora Ch\u00e1vez indic\u00f3 que vive al lado del cuartel del Ej\u00e9rcito y la Guardia Nacional y que subi\u00f3 a su techo para mirar sobre el muro del cuartel. Estaba desierto.<\/p>\n\n\n\n<p>AMLO S\u00d3LO LAMENTA<\/p>\n\n\n\n<p>El presidente Andr\u00e9s Manuel L\u00f3pez Obrador revel\u00f3 este viernes 30 de junio los detalles sobre la muerte de Hip\u00f3lito Mora y asegur\u00f3 que el exl\u00edder de las autodefensas recib\u00eda protecci\u00f3n del gobierno de Michoac\u00e1n.<\/p>\n\n\n\n<p>Desde Palacio Nacional, L\u00f3pez Obrador detall\u00f3 que Hip\u00f3lito Mora estaba protegido por Michoac\u00e1n, ya que antes hab\u00eda sufrido otros atentados: \u201cUno de los grupos que opera en la regi\u00f3n estaba queriendo da\u00f1ar al se\u00f1or Hip\u00f3lito Mora, ya hab\u00edan ocurrido atentados.<\/p>\n\n\n\n<p>\u201cHab\u00eda pedido la protecci\u00f3n del gobierno, tengo la informaci\u00f3n que el Gobierno del Estado le daba la protecci\u00f3n; sin embargo, no fue posible evitar que lo asesinaran\u201d, sostuvo.<\/p>\n\n\n\n<p>El mandatario mexicano tambi\u00e9n explic\u00f3 que hace un tiempo el gobernador de Michoac\u00e1n, Alfredo Ram\u00edrez Bedolla, le sugiri\u00f3 a Mora que se mudara a Morelia, adem\u00e1s de que contaba con una camioneta blindada, pero \u201cestos delincuentes que han ido quedando, de aquellas \u00e9pocas, son muy violentos, tienen armamento de alto calibre y se necesita m\u00e1s protecci\u00f3n\u201d.<\/p>\n\n\n\n<p>Ante esto, L\u00f3pez Obrador recalc\u00f3 que el asesinato y la violencia que vive M\u00e9xico es resultado de la guerra contra el narcotr\u00e1fico que inici\u00f3 en el sexenio de Felipe Calder\u00f3n.<\/p>\n\n\n\n<p>\u201cEs lamentable lo que sucedi\u00f3, no deja de preocupar y es muy triste, doloroso para familiares cuando una persona es asesinada. Nosotros lo lamentamos mucho, esto que est\u00e1 sucediendo tiene como antecedente, aunque a veces se olvida, lo que se provoc\u00f3 en el pasado\u201d, agreg\u00f3 L\u00f3pez Obrador.<\/p>\n\n\n\n<p>(Informaci\u00f3n de AP y \u201cEl Financiero\u201d)<\/p>\n","protected":false},"excerpt":{"rendered":"<p>Redacci\u00f3n\/Zona Roja Cdmx. Ciudad de M\u00e9xico, a 1 de julio de 2023.- En el camino&hellip;<\/p>\n","protected":false},"author":2,"featured_media":57066,"comment_status":"closed","ping_status":"open","sticky":false,"template":"","format":"standard","meta":{"_lmt_disableupdate":"","_lmt_disable":"","_jetpack_memberships_contains_paid_content":false,"footnotes":""},"categories":[109,47],"tags":[],"class_list":["post-57065","post","type-post","status-publish","format-standard","has-post-thumbnail","hentry","category-minuto-a-minuto","category-zona-gris"],"jetpack_featured_media_url":"https:\/\/zonaroja.com.mx\/wp-content\/uploads\/2023\/07\/Hipolito-Mora-Michoacan.jpeg","jetpack_sharing_enabled":true,"_links":{"self":[{"href":"https:\/\/zonaroja.com.mx\/index.php?rest_route=\/wp\/v2\/posts\/57065","targetHints":{"allow":["GET"]}}],"collection":[{"href":"https:\/\/zonaroja.com.mx\/index.php?rest_route=\/wp\/v2\/posts"}],"about":[{"href":"https:\/\/zonaroja.com.mx\/index.php?rest_route=\/wp\/v2\/types\/post"}],"author":[{"embeddable":true,"href":"https:\/\/zonaroja.com.mx\/index.php?rest_route=\/wp\/v2\/users\/2"}],"replies":[{"embeddable":true,"href":"https:\/\/zonaroja.com.mx\/index.php?rest_route=%2Fwp%2Fv2%2Fcomments&post=57065"}],"version-history":[{"count":1,"href":"https:\/\/zonaroja.com.mx\/index.php?rest_route=\/wp\/v2\/posts\/57065\/revisions"}],"predecessor-version":[{"id":57067,"href":"https:\/\/zonaroja.com.mx\/index.php?rest_route=\/wp\/v2\/posts\/57065\/revisions\/57067"}],"wp:featuredmedia":[{"embeddable":true,"href":"https:\/\/zonaroja.com.mx\/index.php?rest_route=\/wp\/v2\/media\/57066"}],"wp:attachment":[{"href":"https:\/\/zonaroja.com.mx\/index.php?rest_route=%2Fwp%2Fv2%2Fmedia&parent=57065"}],"wp:term":[{"taxonomy":"category","embeddable":true,"href":"https:\/\/zonaroja.com.mx\/index.php?rest_route=%2Fwp%2Fv2%2Fcategories&post=57065"},{"taxonomy":"post_tag","embeddable":true,"href":"https:\/\/zonaroja.com.mx\/index.php?rest_route=%2Fwp%2Fv2%2Ftags&post=57065"}],"curies":[{"name":"wp","href":"https:\/\/api.w.org\/{rel}","templated":true}]}}