{"id":57072,"date":"2023-07-01T19:39:00","date_gmt":"2023-07-02T00:39:00","guid":{"rendered":"http:\/\/www.zonaroja.com.mx\/?p=57072"},"modified":"2023-07-01T08:40:58","modified_gmt":"2023-07-01T13:40:58","slug":"catea-fiscalia-domicilio-en-xoxocotlan-y-halla-vehiculo-y-partes-robadas","status":"publish","type":"post","link":"https:\/\/zonaroja.com.mx\/?p=57072","title":{"rendered":"Catea Fiscal\u00eda domicilio en Xoxocotl\u00e1n y halla veh\u00edculo y partes robadas"},"content":{"rendered":"\n<p>Redacci\u00f3n\/Zona Roja.<\/p>\n\n\n\n<p>Oaxaca de Ju\u00e1rez, Oax., a 1 de julio de 2023.- La Fiscal\u00eda General del Estado de Oaxaca, a trav\u00e9s de la Agencia Estatal de Investigaciones (AEI) llev\u00f3 a cabo un operativo en un domicilio de Santa Cruz Xoxocotl\u00e1n, en cuyo marco asegur\u00f3 un veh\u00edculo con reporte de robo, adem\u00e1s de cuatro personas.<\/p>\n\n\n\n<p>Elementos de la AEI adscritos al grupo de robo de veh\u00edculos, acudieron al domicilio ubicado en prolongaci\u00f3n de Mariano Jim\u00e9nez, perteneciente a Santa Cruz Xoxocotl\u00e1n, donde, de acuerdo a investigaciones efectuadas, se resguardaban y desmantelaban veh\u00edculos robados.<\/p>\n\n\n\n<p>En el lugar, se localiz\u00f3 un veh\u00edculo de motor con reporte de robo, por lo que se procedi\u00f3 al aseguramiento del mismo, adem\u00e1s de que se ubicaron piezas de veh\u00edculos y placas que tambi\u00e9n se encuentran reportadas como robadas.<\/p>\n\n\n\n<p>En el marco del operativo fueron aseguradas cuatro personas, tres de ellas adolescentes, as\u00ed como un hombre identificado como J.F.C.R.<\/p>\n","protected":false},"excerpt":{"rendered":"<p>Redacci\u00f3n\/Zona Roja. Oaxaca de Ju\u00e1rez, Oax., a 1 de julio de 2023.- La Fiscal\u00eda General&hellip;<\/p>\n","protected":false},"author":2,"featured_media":57073,"comment_status":"closed","ping_status":"open","sticky":false,"template":"","format":"standard","meta":{"_lmt_disableupdate":"","_lmt_disable":"","_jetpack_memberships_contains_paid_content":false,"footnotes":""},"categories":[109,46],"tags":[494],"class_list":["post-57072","post","type-post","status-publish","format-standard","has-post-thumbnail","hentry","category-minuto-a-minuto","category-zona-blanca","tag-fiscalia-general-del-estado-de-oaxaca"],"jetpack_featured_media_url":"https:\/\/zonaroja.com.mx\/wp-content\/uploads\/2023\/07\/En-el-marco-de-un-operativo-en-Xoxocotlan-Fiscalia-de-Oaxaca-asegura-personas-y-vehiculo-con-reporte-de-robo.jpeg","jetpack_sharing_enabled":true,"_links":{"self":[{"href":"https:\/\/zonaroja.com.mx\/index.php?rest_route=\/wp\/v2\/posts\/57072","targetHints":{"allow":["GET"]}}],"collection":[{"href":"https:\/\/zonaroja.com.mx\/index.php?rest_route=\/wp\/v2\/posts"}],"about":[{"href":"https:\/\/zonaroja.com.mx\/index.php?rest_route=\/wp\/v2\/types\/post"}],"author":[{"embeddable":true,"href":"https:\/\/zonaroja.com.mx\/index.php?rest_route=\/wp\/v2\/users\/2"}],"replies":[{"embeddable":true,"href":"https:\/\/zonaroja.com.mx\/index.php?rest_route=%2Fwp%2Fv2%2Fcomments&post=57072"}],"version-history":[{"count":1,"href":"https:\/\/zonaroja.com.mx\/index.php?rest_route=\/wp\/v2\/posts\/57072\/revisions"}],"predecessor-version":[{"id":57074,"href":"https:\/\/zonaroja.com.mx\/index.php?rest_route=\/wp\/v2\/posts\/57072\/revisions\/57074"}],"wp:featuredmedia":[{"embeddable":true,"href":"https:\/\/zonaroja.com.mx\/index.php?rest_route=\/wp\/v2\/media\/57073"}],"wp:attachment":[{"href":"https:\/\/zonaroja.com.mx\/index.php?rest_route=%2Fwp%2Fv2%2Fmedia&parent=57072"}],"wp:term":[{"taxonomy":"category","embeddable":true,"href":"https:\/\/zonaroja.com.mx\/index.php?rest_route=%2Fwp%2Fv2%2Fcategories&post=57072"},{"taxonomy":"post_tag","embeddable":true,"href":"https:\/\/zonaroja.com.mx\/index.php?rest_route=%2Fwp%2Fv2%2Ftags&post=57072"}],"curies":[{"name":"wp","href":"https:\/\/api.w.org\/{rel}","templated":true}]}}