{"id":57075,"date":"2023-07-01T16:00:00","date_gmt":"2023-07-01T21:00:00","guid":{"rendered":"http:\/\/www.zonaroja.com.mx\/?p=57075"},"modified":"2023-07-01T08:42:04","modified_gmt":"2023-07-01T13:42:04","slug":"pueblos-originarios-organizan-su-guelaguetza-a-favor-del-maiz-nativo","status":"publish","type":"post","link":"https:\/\/zonaroja.com.mx\/?p=57075","title":{"rendered":"Pueblos originarios organizan su \u201cGuelaguetza\u201d a favor del ma\u00edz nativo"},"content":{"rendered":"\n<p>Yuridiana Sosa\/Zona Roja.<\/p>\n\n\n\n<p>Oaxaca de Ju\u00e1rez, Oax., a 1 de julio de 2023.- El Espacio Estatal en Defensa del Ma\u00edz Nativo de Oaxaca llevar\u00e1 a cabo la Jornada \u00abGuelaguetza en la vida cotidiana\u00bb, en la que destaca el grano en sus diferentes \u00e1mbitos.<\/p>\n\n\n\n<p>Las actividades se desarrollar\u00e1n del 25 al 29 de julio en diferentes sedes, en la capital del estado y en Guelatao de Ju\u00e1rez, con la participaci\u00f3n de expertos en la materia e integrantes del Uni\u00f3n de Organizaciones de la Sierra Ju\u00e1rez (UNOSJO), Educa A.C. y Organizaci\u00f3n de Agricultores Biol\u00f3gicos (ORAB A.C.) y del Centro de Estudios para el Cambio en el Campo de Mexicano (Ceccam).<\/p>\n\n\n\n<p>La jornada inicia con un ritual el 25 de julio a las 10:00 horas en la explanada de la iglesia de Santo Domingo de Guzm\u00e1n, en la capital del estado.<\/p>\n\n\n\n<p>Ese mismo d\u00eda se realizar\u00e1 un panel denominado \u201cEl ma\u00edz, a 10 a\u00f1os del Tribunal Permanente de los Pueblos\u201d, en el que participar\u00e1n Teofanes Josefina Santiago y Gabriela Linares Sosa. As\u00ed como otro di\u00e1logo llamado \u201cLa edici\u00f3n gen\u00e9tica en la producci\u00f3n de alimentos\u201d, desarrollado por Aldo Gonz\u00e1lez en el Instituto de Artes Gr\u00e1ficas de Oaxaca (IAGO).<\/p>\n\n\n\n<p>Para el d\u00eda 27 de julio, desde la explanada municipal de Guelatao de Ju\u00e1rez se llevar\u00e1 a cabo la presentaci\u00f3n del folleto \u201cLa Guelaguetza de nuestros pueblos\u201d, el cual fue realizado por la artista Alejandra Canseco, a l2:30 horas y una hora despu\u00e9s, se ejecutar\u00e1 la \u201cDanza de los huenches viejos\u201d, danzantes de yalaltecos Sierra Norte.<\/p>\n\n\n\n<p>Las actividades culminar\u00e1n el 29 de julio, desde el Centro Ecol\u00f3gico Milpa Urbana en el barrio de Xochimilco de la ciudad de Oaxaca, donde se realizar\u00e1 el panel \u201cMa\u00edz Olot\u00f3n o ma\u00edz fijador de nitr\u00f3geno\u201d, &nbsp;impartido por Gabriela Linares, a las 11:00 horas.<\/p>\n\n\n\n<p>Adem\u00e1s, se realizar\u00e1n los \u201cprogramas de la 4T hacia el campo, retos y oportunidades\u201d, impartido por Ana de Ita y Juan Carlos Juli\u00e1n Morales.&nbsp;<\/p>\n","protected":false},"excerpt":{"rendered":"<p>Yuridiana Sosa\/Zona Roja. Oaxaca de Ju\u00e1rez, Oax., a 1 de julio de 2023.- El Espacio&hellip;<\/p>\n","protected":false},"author":2,"featured_media":57016,"comment_status":"closed","ping_status":"open","sticky":false,"template":"","format":"standard","meta":{"_lmt_disableupdate":"","_lmt_disable":"","_jetpack_memberships_contains_paid_content":false,"footnotes":""},"categories":[109,46],"tags":[3597],"class_list":["post-57075","post","type-post","status-publish","format-standard","has-post-thumbnail","hentry","category-minuto-a-minuto","category-zona-blanca","tag-guelaguetza-de-la-vida-cotidiana"],"jetpack_featured_media_url":"https:\/\/zonaroja.com.mx\/wp-content\/uploads\/2023\/06\/Guelagueza-sociedad-civil.jpg","jetpack_sharing_enabled":true,"_links":{"self":[{"href":"https:\/\/zonaroja.com.mx\/index.php?rest_route=\/wp\/v2\/posts\/57075","targetHints":{"allow":["GET"]}}],"collection":[{"href":"https:\/\/zonaroja.com.mx\/index.php?rest_route=\/wp\/v2\/posts"}],"about":[{"href":"https:\/\/zonaroja.com.mx\/index.php?rest_route=\/wp\/v2\/types\/post"}],"author":[{"embeddable":true,"href":"https:\/\/zonaroja.com.mx\/index.php?rest_route=\/wp\/v2\/users\/2"}],"replies":[{"embeddable":true,"href":"https:\/\/zonaroja.com.mx\/index.php?rest_route=%2Fwp%2Fv2%2Fcomments&post=57075"}],"version-history":[{"count":1,"href":"https:\/\/zonaroja.com.mx\/index.php?rest_route=\/wp\/v2\/posts\/57075\/revisions"}],"predecessor-version":[{"id":57076,"href":"https:\/\/zonaroja.com.mx\/index.php?rest_route=\/wp\/v2\/posts\/57075\/revisions\/57076"}],"wp:featuredmedia":[{"embeddable":true,"href":"https:\/\/zonaroja.com.mx\/index.php?rest_route=\/wp\/v2\/media\/57016"}],"wp:attachment":[{"href":"https:\/\/zonaroja.com.mx\/index.php?rest_route=%2Fwp%2Fv2%2Fmedia&parent=57075"}],"wp:term":[{"taxonomy":"category","embeddable":true,"href":"https:\/\/zonaroja.com.mx\/index.php?rest_route=%2Fwp%2Fv2%2Fcategories&post=57075"},{"taxonomy":"post_tag","embeddable":true,"href":"https:\/\/zonaroja.com.mx\/index.php?rest_route=%2Fwp%2Fv2%2Ftags&post=57075"}],"curies":[{"name":"wp","href":"https:\/\/api.w.org\/{rel}","templated":true}]}}