{"id":57077,"date":"2023-07-01T14:42:00","date_gmt":"2023-07-01T19:42:00","guid":{"rendered":"http:\/\/www.zonaroja.com.mx\/?p=57077"},"modified":"2023-07-01T08:43:21","modified_gmt":"2023-07-01T13:43:21","slug":"acribillan-a-estudiante-de-eu-en-sonora-y-nadie-sabe-nada","status":"publish","type":"post","link":"https:\/\/zonaroja.com.mx\/?p=57077","title":{"rendered":"Acribillan a estudiante de EU en Sonora\u2026 y nadie sabe nada"},"content":{"rendered":"\n<p>Redacci\u00f3n\/Zona Roja Cdmx.<\/p>\n\n\n\n<p>Ciudad de M\u00e9xico, a 1 de julio de 2023.- Autoridades mexicanas investigan el asesinato del cient\u00edfico estadounidense Gabriel Trujillo, quien viaj\u00f3 de California hacia la sierra de Sonora, estado de la frontera norte de M\u00e9xico, donde lo hallaron sin vida, acribillado a balazos en un barranco cerca de su vagoneta, con la que recorr\u00eda el pa\u00eds colectando muestras para sus estudios de bot\u00e1nica.<\/p>\n\n\n\n<p>Tras m\u00e1s de una semana sin que las autoridades de la Fiscal\u00eda General de Justicia de Sonora, ni la Secretar\u00eda de Seguridad P\u00fablica del Estado, dieran avances sobre la investigaci\u00f3n, su prometida y sus padres denunciaron el crimen a diversos medios de comunicaci\u00f3n en Estados Unidos, mientras que la Universidad de California en Berkeley conden\u00f3 la tragedia en un comunicado.<\/p>\n\n\n\n<p>\u201cEl pasado 22 de junio, su cuerpo fue localizado en un barranco por agentes de la Polic\u00eda Estatal de Seguridad P\u00fablica (PESP), a unos metros de la orilla de la carretera, su veh\u00edculo tipo vagoneta BMW MPW, de cinco puertas, color negro, modelo 2009, con placas de circulaci\u00f3n de California, fue hallado a escasos metros del cad\u00e1ver, de donde se recolectaron varios indicios que est\u00e1n siendo analizados por los laboratorios forenses de la instituci\u00f3n\u201d, estableci\u00f3 el bolet\u00edn de la Fiscal\u00eda de Justicia.<\/p>\n\n\n\n<p>El cuerpo apareci\u00f3 en el tramo carretero de la localidad de San Nicol\u00e1s a Tepoca, en Y\u00e9cora, en los l\u00edmites de Sonora con Chihuahua.<\/p>\n\n\n\n<p>De acuerdo con las autoridades, los familiares de Trujillo reportaron su desaparici\u00f3n el 21 de junio, despu\u00e9s de perder contacto con \u00e9l el 19 de junio.<\/p>\n\n\n\n<p>La v\u00edctima hab\u00eda alquilado una habitaci\u00f3n en la Comisar\u00eda de T\u00f3nichi, municipio de Soyopa, donde los peritos investigadores encontraron todas sus pertenencias.<\/p>\n\n\n\n<p>\u201cSu cuerpo fue analizado por Servicios Periciales e identificado plenamente por sus familiares, a quienes se les entreg\u00f3\u201d, agreg\u00f3 la dependencia.<\/p>\n\n\n\n<p>La Fiscal\u00eda de Justicia inform\u00f3 que la autopsia revel\u00f3 que la causa de muerte fue por varios impactos de arma de fuego y que ten\u00eda entre tres a cinco d\u00edas de haber fallecido cuando hallaron el cad\u00e1ver.<\/p>\n\n\n\n<p>Seg\u00fan el sitio GoFundMe.com, donde sus deudos realizan una colecta para repatriar el cuerpo a Estados Unidos y su funeral, Trujillo ten\u00eda cinco a\u00f1os recorriendo M\u00e9xico.<\/p>\n\n\n\n<p>La v\u00edctima era bot\u00e1nico y estaba en su cuarto a\u00f1o de un programa de doctorado en el Departamento de Biolog\u00eda Integrativa de la Universidad de Berkeley.<\/p>\n\n\n\n<p>\u201cEsta es una noticia desgarradora y los funcionarios del campus se han comunicado con su familia para ofrecerle apoyo y asistencia\u201d, manifest\u00f3 la universidad en un comunicado.<\/p>\n\n\n\n<p>(Informaci\u00f3n de EFE en \u201cEl Financiero\u201d<\/p>\n","protected":false},"excerpt":{"rendered":"<p>Redacci\u00f3n\/Zona Roja Cdmx. Ciudad de M\u00e9xico, a 1 de julio de 2023.- Autoridades mexicanas investigan&hellip;<\/p>\n","protected":false},"author":2,"featured_media":57078,"comment_status":"closed","ping_status":"open","sticky":false,"template":"","format":"standard","meta":{"_lmt_disableupdate":"","_lmt_disable":"","_jetpack_memberships_contains_paid_content":false,"footnotes":""},"categories":[109,47],"tags":[],"class_list":["post-57077","post","type-post","status-publish","format-standard","has-post-thumbnail","hentry","category-minuto-a-minuto","category-zona-gris"],"jetpack_featured_media_url":"https:\/\/zonaroja.com.mx\/wp-content\/uploads\/2023\/07\/Estudiante-de-EU-Gabriel-Trujillo-asesinado-en-Mexico.jpeg","jetpack_sharing_enabled":true,"_links":{"self":[{"href":"https:\/\/zonaroja.com.mx\/index.php?rest_route=\/wp\/v2\/posts\/57077","targetHints":{"allow":["GET"]}}],"collection":[{"href":"https:\/\/zonaroja.com.mx\/index.php?rest_route=\/wp\/v2\/posts"}],"about":[{"href":"https:\/\/zonaroja.com.mx\/index.php?rest_route=\/wp\/v2\/types\/post"}],"author":[{"embeddable":true,"href":"https:\/\/zonaroja.com.mx\/index.php?rest_route=\/wp\/v2\/users\/2"}],"replies":[{"embeddable":true,"href":"https:\/\/zonaroja.com.mx\/index.php?rest_route=%2Fwp%2Fv2%2Fcomments&post=57077"}],"version-history":[{"count":1,"href":"https:\/\/zonaroja.com.mx\/index.php?rest_route=\/wp\/v2\/posts\/57077\/revisions"}],"predecessor-version":[{"id":57079,"href":"https:\/\/zonaroja.com.mx\/index.php?rest_route=\/wp\/v2\/posts\/57077\/revisions\/57079"}],"wp:featuredmedia":[{"embeddable":true,"href":"https:\/\/zonaroja.com.mx\/index.php?rest_route=\/wp\/v2\/media\/57078"}],"wp:attachment":[{"href":"https:\/\/zonaroja.com.mx\/index.php?rest_route=%2Fwp%2Fv2%2Fmedia&parent=57077"}],"wp:term":[{"taxonomy":"category","embeddable":true,"href":"https:\/\/zonaroja.com.mx\/index.php?rest_route=%2Fwp%2Fv2%2Fcategories&post=57077"},{"taxonomy":"post_tag","embeddable":true,"href":"https:\/\/zonaroja.com.mx\/index.php?rest_route=%2Fwp%2Fv2%2Ftags&post=57077"}],"curies":[{"name":"wp","href":"https:\/\/api.w.org\/{rel}","templated":true}]}}