{"id":57083,"date":"2023-07-01T22:25:30","date_gmt":"2023-07-02T03:25:30","guid":{"rendered":"http:\/\/www.zonaroja.com.mx\/?p=57083"},"modified":"2023-07-01T22:26:35","modified_gmt":"2023-07-02T03:26:35","slug":"en-12-horas-ejecutan-a-balazos-a-tres-personas-en-juchitan-oaxaca","status":"publish","type":"post","link":"https:\/\/zonaroja.com.mx\/?p=57083","title":{"rendered":"En 12 horas, ejecutan a balazos a tres personas en Juchit\u00e1n, Oaxaca"},"content":{"rendered":"\n<p>Redacci\u00f3n\/Zona Roja.<\/p>\n\n\n\n<p>Oaxaca de Ju\u00e1rez, Oax., a 1 de julio de 2023.- En un lapso de 12 horas, tres personas del sexo masculino fueron ejecutadas a balazos en Juchit\u00e1n de Zaragoza, Oaxaca, y no hay ning\u00fan detenido.<\/p>\n\n\n\n<p>La ma\u00f1ana de este primer d\u00eda de julio, en la calle Constituci\u00f3n casi esquina con Industria, en la S\u00e9ptima Secci\u00f3n, fueron atacados a balazos dos individuos.<\/p>\n\n\n\n<p>Las v\u00edctimas fueron identificadas como Zeus J. H., de 33 a\u00f1os de edad, y Francisco V. R., de 36 a\u00f1os. Sus familiares arribaron a la zona antes que los polic\u00edas y retiraron los cuerpos a bordo de un mototaxi.&nbsp;<\/p>\n\n\n\n<p>Hasta el momento se desconoce tanto el m\u00f3vil del doble crimen como la identidad de los agresores; presuntamente ten\u00edan antecedentes criminarles.&nbsp;<\/p>\n\n\n\n<p>Por otra parte, anoche un joven fue&nbsp;ultimado a balazos y adem\u00e1s &nbsp;le dejaron un \u201cnarcomensaje\u201d.<\/p>\n\n\n\n<p>Fue en inmediaciones de la colonia 6 de Noviembre de la S\u00e9ptima Secci\u00f3n de Juchit\u00e1n donde localizaron el cuerpo de quien identificaron como Francisco W. L., de 19 a\u00f1os de edad.<\/p>\n\n\n\n<p>La v\u00edctima presentaba varios impactos de arma de fuego y una cartulina encima, con un supuesto \u201cnarcomensaje\u201d, adem\u00e1s de una bolsa de pl\u00e1stico en la cabeza; las corporaciones policiacas no tienen ning\u00fan indicio del o de los probables criminales.<\/p>\n","protected":false},"excerpt":{"rendered":"<p>Redacci\u00f3n\/Zona Roja. Oaxaca de Ju\u00e1rez, Oax., a 1 de julio de 2023.- En un lapso&hellip;<\/p>\n","protected":false},"author":2,"featured_media":57082,"comment_status":"closed","ping_status":"open","sticky":false,"template":"","format":"standard","meta":{"_lmt_disableupdate":"","_lmt_disable":"","_jetpack_memberships_contains_paid_content":false,"footnotes":""},"categories":[109,51],"tags":[],"class_list":["post-57083","post","type-post","status-publish","format-standard","has-post-thumbnail","hentry","category-minuto-a-minuto","category-zona-roja"],"jetpack_featured_media_url":"https:\/\/zonaroja.com.mx\/wp-content\/uploads\/2023\/07\/070186f0-9cdd-4219-89a2-0e2d5ee2714a.jpg","jetpack_sharing_enabled":true,"_links":{"self":[{"href":"https:\/\/zonaroja.com.mx\/index.php?rest_route=\/wp\/v2\/posts\/57083","targetHints":{"allow":["GET"]}}],"collection":[{"href":"https:\/\/zonaroja.com.mx\/index.php?rest_route=\/wp\/v2\/posts"}],"about":[{"href":"https:\/\/zonaroja.com.mx\/index.php?rest_route=\/wp\/v2\/types\/post"}],"author":[{"embeddable":true,"href":"https:\/\/zonaroja.com.mx\/index.php?rest_route=\/wp\/v2\/users\/2"}],"replies":[{"embeddable":true,"href":"https:\/\/zonaroja.com.mx\/index.php?rest_route=%2Fwp%2Fv2%2Fcomments&post=57083"}],"version-history":[{"count":1,"href":"https:\/\/zonaroja.com.mx\/index.php?rest_route=\/wp\/v2\/posts\/57083\/revisions"}],"predecessor-version":[{"id":57084,"href":"https:\/\/zonaroja.com.mx\/index.php?rest_route=\/wp\/v2\/posts\/57083\/revisions\/57084"}],"wp:featuredmedia":[{"embeddable":true,"href":"https:\/\/zonaroja.com.mx\/index.php?rest_route=\/wp\/v2\/media\/57082"}],"wp:attachment":[{"href":"https:\/\/zonaroja.com.mx\/index.php?rest_route=%2Fwp%2Fv2%2Fmedia&parent=57083"}],"wp:term":[{"taxonomy":"category","embeddable":true,"href":"https:\/\/zonaroja.com.mx\/index.php?rest_route=%2Fwp%2Fv2%2Fcategories&post=57083"},{"taxonomy":"post_tag","embeddable":true,"href":"https:\/\/zonaroja.com.mx\/index.php?rest_route=%2Fwp%2Fv2%2Ftags&post=57083"}],"curies":[{"name":"wp","href":"https:\/\/api.w.org\/{rel}","templated":true}]}}