{"id":57085,"date":"2023-07-02T08:21:08","date_gmt":"2023-07-02T13:21:08","guid":{"rendered":"http:\/\/www.zonaroja.com.mx\/?p=57085"},"modified":"2023-07-02T08:21:11","modified_gmt":"2023-07-02T13:21:11","slug":"el-pacto-entre-el-pueblo-y-su-gobierno-funciono-amlo-en-celebracion","status":"publish","type":"post","link":"https:\/\/zonaroja.com.mx\/?p=57085","title":{"rendered":"\u201cEl pacto entre el pueblo y su gobierno funcion\u00f3\u201d: AMLO en celebraci\u00f3n"},"content":{"rendered":"\n<p>Redacci\u00f3n\/Zona Roja Cdmx.<\/p>\n\n\n\n<p>Ciudad de M\u00e9xico, a 2 de julio de 2023.- El presidente de M\u00e9xico, Andr\u00e9s Manuel L\u00f3pez Obrador, celebr\u00f3 la tarde de este s\u00e1bado el quinto aniversario de su triunfo electoral en 2018.<\/p>\n\n\n\n<p>Acompa\u00f1ado de miembros de sus gabinete y gobernadores de la Cuarta Transformaci\u00f3n, el evento se realiz\u00f3 evento en el z\u00f3calo de la Ciudad de M\u00e9xico, donde se reunieron miles de personas para el discurso del mandatario.<\/p>\n\n\n\n<p>En calles aleda\u00f1as a la plaza, hubo m\u00faltiples autobuses estacionados que desde temprano trajeron a personas de otras partes del pa\u00eds que acuden reivindicando sus tradiciones y apoyando al actual mandatario.<\/p>\n\n\n\n<p>En punto de las 17:25 horas, el mandatario mexicano sali\u00f3 de la puerta principal de Palacio Nacional acompa\u00f1ado de su esposa Beatriz Guti\u00e9rrez, donde en su camino al templete fue coreado por miles de simpatizantes.<\/p>\n\n\n\n<p>M\u00c1S FUERTE QUE NUNCA<\/p>\n\n\n\n<p>Al inicio de su discurso, el presidente L\u00f3pez Obrador asever\u00f3 que el movimiento de la Cuarta Transformaci\u00f3n est\u00e1 m\u00e1s fuerte que nunca.<\/p>\n\n\n\n<p>Adem\u00e1s, el tabasque\u00f1o recalc\u00f3 que el pacto entre pueblo y el gobierno funcion\u00f3 \u201cbajo el principio de atender y respetar a todos\u201d, en especial a los pobres.<\/p>\n\n\n\n<p>\u201cHoy con fundada alegr\u00eda, celebramos el quinto aniversario del triunfo en la elecci\u00f3n presidencial del 1 de julio de 2018, siempre hemos reconocido que antes de nosotros muchos mexicanos, abrieron el camino para impulsar un verdadero cambio que ahora estaos haciendo realidad con la participaci\u00f3n alegre, entusiasta, consciente, activa y protectora de nuestro pueblo\u201d, asegur\u00f3.<\/p>\n\n\n\n<p>\u201cEs un timbre de orgullo poder decir a los cuatro vientos, desde la principal plaza de la Rep\u00fablica, que nuestro movimiento est\u00e1 m\u00e1s fuerte que nunca, que existe una amplia mayor\u00eda apoyando a la Cuarta Transformaci\u00f3n de la vida p\u00fablica de M\u00e9xico\u201d, abund\u00f3.<\/p>\n\n\n\n<figure class=\"wp-block-embed is-type-rich is-provider-twitter wp-block-embed-twitter\"><div class=\"wp-block-embed__wrapper\">\n<div class=\"twitter-tweet\"><blockquote class=\"twitter-tweet\" data-lang=\"es\"><p lang=\"es\" dir=\"ltr\">2. A la celebraci\u00f3n del mandatario <a href=\"https:\/\/twitter.com\/lopezobrador_?ref_src=twsrc%5Etfw\">@lopezobrador_<\/a> en la capital del pa\u00eds, acudieron morenistas de Oaxaca, entre ellos el gobernador <a href=\"https:\/\/twitter.com\/salomonj?ref_src=twsrc%5Etfw\">@salomonj<\/a>. <a href=\"https:\/\/t.co\/nndLFo8uVd\">pic.twitter.com\/nndLFo8uVd<\/a><\/p>&mdash; Zona Roja Oaxaca (@ZonaRoja_Oaxaca) <a href=\"https:\/\/twitter.com\/ZonaRoja_Oaxaca\/status\/1675313835576639488?ref_src=twsrc%5Etfw\">2 de julio de 2023<\/a><\/blockquote><\/div>\n<\/div><\/figure>\n\n\n\n<p>\u201cEl pacto funcion\u00f3, el pacto entre pueblo y su Gobierno se ha se\u00f1alado bajo el principio de atender y respetar a todos, pero dar atenci\u00f3n especial, privilegiar siempre la ayuda a los pobres y necesitados\u201d, explic\u00f3.<\/p>\n\n\n\n<p>\u201cHay justicia y tranquilidad social y se avanza hacia la erradicaci\u00f3n de la violencia\u201d.<\/p>\n\n\n\n<p>El tabasque\u00f1o dej\u00f3 en claro que su gobierno avanza en la erradicaci\u00f3n de la violencia en el territorio nacional.<\/p>\n\n\n\n<p>\u201cLo vamos a lograr entre todos, me canso ganso\u201c, lanz\u00f3 el presidente de la Rep\u00fablica ante la algarab\u00eda en el Z\u00f3calo.<\/p>\n\n\n\n<p>L\u00f3pez Obrador adujo que la clave para los logros econ\u00f3micos de la Cuarta Transformaci\u00f3n es no permitir la corrupci\u00f3n en el Gobierno Federal.<\/p>\n\n\n\n<p>NO SE VA<\/p>\n\n\n\n<p>La titular de Gobernaci\u00f3n (Segob), Luisa Mar\u00eda Alcalde, destac\u00f3 que han sido 73 ocasiones en las que ciudadanos han acudido al llamado el mandatario mexicano, adem\u00e1s de miles de plazas en todos los municipios del territorio nacional.<\/p>\n\n\n\n<p>\u201cHay algo que permanece con el paso del tiempo: el valor de un movimiento honesto, la valent\u00eda de no dejarse vence y la juventud de quienes han acompa\u00f1ado este movimiento\u201d, dijo.<\/p>\n\n\n\n<p>Es el triunfo pol\u00edtico de un movimiento, s\u00ed; el triunfo electoral de un partido, tambi\u00e9n, pero sobre toda sobre todas las cosas es el triunfo de todos nosotros (\u2026) Este el triunfo del pueblo\u201d, subray\u00f3.<\/p>\n\n\n\n<p>\u201cEn 457 d\u00edas habr\u00e1 de concluir la primera etapa del proceso de transformaci\u00f3n, pero eso no significa un descenso, al contrario, estamos comenzando el momento estelar de la 4T. Hoy cumplimos cinco a\u00f1os de aquel d\u00eda en que llenamos las calles de alegr\u00eda y aqu\u00ed seguimos\u201d, recalc\u00f3.<\/p>\n\n\n\n<p>\u201cEl movimiento final del Huapango de Moncayo es el m\u00e1s electrizante, el Viva M\u00e9xico \u00faltimo es el que se escucha con m\u00e1s emoci\u00f3n y hoy cumplimos cinco a\u00f1os de aquel d\u00eda en que llenamos las calles de alegr\u00eda y aqu\u00ed seguimos, como dice la canci\u00f3n de Grupo Frontera: La transformaci\u00f3n no se va, no se va, no se va\u201d.<\/p>\n\n\n\n<p>(Informaci\u00f3n de L\u00f3pez-D\u00f3riga Digital)<\/p>\n","protected":false},"excerpt":{"rendered":"<p>Redacci\u00f3n\/Zona Roja Cdmx. Ciudad de M\u00e9xico, a 2 de julio de 2023.- El presidente de&hellip;<\/p>\n","protected":false},"author":2,"featured_media":57086,"comment_status":"closed","ping_status":"open","sticky":false,"template":"","format":"standard","meta":{"_lmt_disableupdate":"","_lmt_disable":"","_jetpack_memberships_contains_paid_content":false,"footnotes":""},"categories":[109,46],"tags":[143],"class_list":["post-57085","post","type-post","status-publish","format-standard","has-post-thumbnail","hentry","category-minuto-a-minuto","category-zona-blanca","tag-andres-manuel-lopez-obrador"],"jetpack_featured_media_url":"https:\/\/zonaroja.com.mx\/wp-content\/uploads\/2023\/07\/Triunfo-AMLO-festejo-Ciudad-de-Mexico.jpeg","jetpack_sharing_enabled":true,"_links":{"self":[{"href":"https:\/\/zonaroja.com.mx\/index.php?rest_route=\/wp\/v2\/posts\/57085","targetHints":{"allow":["GET"]}}],"collection":[{"href":"https:\/\/zonaroja.com.mx\/index.php?rest_route=\/wp\/v2\/posts"}],"about":[{"href":"https:\/\/zonaroja.com.mx\/index.php?rest_route=\/wp\/v2\/types\/post"}],"author":[{"embeddable":true,"href":"https:\/\/zonaroja.com.mx\/index.php?rest_route=\/wp\/v2\/users\/2"}],"replies":[{"embeddable":true,"href":"https:\/\/zonaroja.com.mx\/index.php?rest_route=%2Fwp%2Fv2%2Fcomments&post=57085"}],"version-history":[{"count":1,"href":"https:\/\/zonaroja.com.mx\/index.php?rest_route=\/wp\/v2\/posts\/57085\/revisions"}],"predecessor-version":[{"id":57087,"href":"https:\/\/zonaroja.com.mx\/index.php?rest_route=\/wp\/v2\/posts\/57085\/revisions\/57087"}],"wp:featuredmedia":[{"embeddable":true,"href":"https:\/\/zonaroja.com.mx\/index.php?rest_route=\/wp\/v2\/media\/57086"}],"wp:attachment":[{"href":"https:\/\/zonaroja.com.mx\/index.php?rest_route=%2Fwp%2Fv2%2Fmedia&parent=57085"}],"wp:term":[{"taxonomy":"category","embeddable":true,"href":"https:\/\/zonaroja.com.mx\/index.php?rest_route=%2Fwp%2Fv2%2Fcategories&post=57085"},{"taxonomy":"post_tag","embeddable":true,"href":"https:\/\/zonaroja.com.mx\/index.php?rest_route=%2Fwp%2Fv2%2Ftags&post=57085"}],"curies":[{"name":"wp","href":"https:\/\/api.w.org\/{rel}","templated":true}]}}