{"id":57093,"date":"2023-07-02T12:00:00","date_gmt":"2023-07-02T17:00:00","guid":{"rendered":"http:\/\/www.zonaroja.com.mx\/?p=57093"},"modified":"2023-07-02T08:25:27","modified_gmt":"2023-07-02T13:25:27","slug":"junio-el-mes-mas-violento-en-mexico-77-crimenes-diarios","status":"publish","type":"post","link":"https:\/\/zonaroja.com.mx\/?p=57093","title":{"rendered":"Junio, el mes m\u00e1s violento en M\u00e9xico; 77 cr\u00edmenes diarios"},"content":{"rendered":"\n<p>Redacci\u00f3n\/Zona Roja Cdmx.<\/p>\n\n\n\n<p>Ciudad de M\u00e9xico, a 2 de julio de 2023.- Datos de la Secretar\u00eda de Seguridad y Protecci\u00f3n Ciudadana (SSPC) revelaron que el mes de junio registr\u00f3 m\u00e1s homicidios dolosos en promedio diarios, con un total de 77.<\/p>\n\n\n\n<p>Adem\u00e1s, seg\u00fan el conteo diario con los informes de las fiscal\u00edas del pa\u00eds, se convirti\u00f3 en el segundo mes con m\u00e1s v\u00edctimas de asesinato en lo que va del a\u00f1o, con un total de 2 mil 303, solo por detr\u00e1s de mayo.<\/p>\n\n\n\n<p>El domingo 11 fue el d\u00eda m\u00e1s violento de junio al registrar un total de 105 homicidios dolosos.<\/p>\n\n\n\n<p>El estado de Guanajuato detall\u00f3 en junio 307 asesinatos. Dicha entidad del pa\u00eds no rebasaba los 300 homicidios desde el mes de octubre de 2022.<\/p>\n\n\n\n<p>El presidente Andr\u00e9s Manuel L\u00f3pez Obrador defendi\u00f3 el viernes en su conferencia matutina su pol\u00edtica de seguridad apenas unas horas del asesinato del fundador de las autodefensas de Michoac\u00e1n, Hip\u00f3lito Mora,&nbsp; y achac\u00f3 la violencia en el pa\u00eds a los gobiernos del pasado.<\/p>\n\n\n\n<p>\u201cEsto que esta sucediendo tiene como antecedente, aunque a veces se olvida, lo que se provoc\u00f3 en el pasado, este es un remanente de la violencia que se auspici\u00f3, permiti\u00f3, desde el gobierno, acu\u00e9rdense de que hubo un \u2018narcoestado\u2019 en M\u00e9xico durante el gobierno de&nbsp;Felipe Calder\u00f3n, acusado de complicidad con narcotraficantes, aplic\u00f3 una estrategia de eliminaci\u00f3n, de unos delincuentes y de protecci\u00f3n a otros\u201d, refiri\u00f3.<\/p>\n\n\n\n<p>El reporte \u2018MX: La Guerra en N\u00fameros\u2019, de&nbsp;T-ResearchMX, detalla que, de acuerdo con el registro de homicidios dolosos de la Secretar\u00eda de Seguridad y Protecci\u00f3n Ciudadana, del&nbsp;1 de diciembre de 2018 al 1 de julio de 2023, tiempo que lleva la administraci\u00f3n del presidente&nbsp;Andr\u00e9s Manuel L\u00f3pez Obrador, las fiscal\u00edas estatales y federales han registrado&nbsp;159 mil 234 homicidios dolosos&nbsp;en&nbsp;M\u00e9xico.<\/p>\n\n\n\n<p>M\u00e9xico tuvo 30 mil 968 homicidios en 2022 tras los dos a\u00f1os m\u00e1s violentos de su historia, bajo el mandato de L\u00f3pez Obrador, con 34 mil 690 v\u00edctimas de asesinato en 2019 y 34 mil 554 en 2020, seguidos de 33 mil 308 en 2021.<\/p>\n\n\n\n<p>(Informaci\u00f3n de L\u00f3pez-D\u00f3riga Digital)<\/p>\n","protected":false},"excerpt":{"rendered":"<p>Redacci\u00f3n\/Zona Roja Cdmx. Ciudad de M\u00e9xico, a 2 de julio de 2023.- Datos de la&hellip;<\/p>\n","protected":false},"author":2,"featured_media":46037,"comment_status":"closed","ping_status":"open","sticky":false,"template":"","format":"standard","meta":{"_lmt_disableupdate":"","_lmt_disable":"","_jetpack_memberships_contains_paid_content":false,"footnotes":""},"categories":[109,47],"tags":[1746],"class_list":["post-57093","post","type-post","status-publish","format-standard","has-post-thumbnail","hentry","category-minuto-a-minuto","category-zona-gris","tag-violencia-en-mexico"],"jetpack_featured_media_url":"https:\/\/zonaroja.com.mx\/wp-content\/uploads\/2022\/09\/Violencia-en-Mexico-inseguridad-homicidios.jpeg","jetpack_sharing_enabled":true,"_links":{"self":[{"href":"https:\/\/zonaroja.com.mx\/index.php?rest_route=\/wp\/v2\/posts\/57093","targetHints":{"allow":["GET"]}}],"collection":[{"href":"https:\/\/zonaroja.com.mx\/index.php?rest_route=\/wp\/v2\/posts"}],"about":[{"href":"https:\/\/zonaroja.com.mx\/index.php?rest_route=\/wp\/v2\/types\/post"}],"author":[{"embeddable":true,"href":"https:\/\/zonaroja.com.mx\/index.php?rest_route=\/wp\/v2\/users\/2"}],"replies":[{"embeddable":true,"href":"https:\/\/zonaroja.com.mx\/index.php?rest_route=%2Fwp%2Fv2%2Fcomments&post=57093"}],"version-history":[{"count":1,"href":"https:\/\/zonaroja.com.mx\/index.php?rest_route=\/wp\/v2\/posts\/57093\/revisions"}],"predecessor-version":[{"id":57094,"href":"https:\/\/zonaroja.com.mx\/index.php?rest_route=\/wp\/v2\/posts\/57093\/revisions\/57094"}],"wp:featuredmedia":[{"embeddable":true,"href":"https:\/\/zonaroja.com.mx\/index.php?rest_route=\/wp\/v2\/media\/46037"}],"wp:attachment":[{"href":"https:\/\/zonaroja.com.mx\/index.php?rest_route=%2Fwp%2Fv2%2Fmedia&parent=57093"}],"wp:term":[{"taxonomy":"category","embeddable":true,"href":"https:\/\/zonaroja.com.mx\/index.php?rest_route=%2Fwp%2Fv2%2Fcategories&post=57093"},{"taxonomy":"post_tag","embeddable":true,"href":"https:\/\/zonaroja.com.mx\/index.php?rest_route=%2Fwp%2Fv2%2Ftags&post=57093"}],"curies":[{"name":"wp","href":"https:\/\/api.w.org\/{rel}","templated":true}]}}