{"id":57097,"date":"2023-07-02T14:00:00","date_gmt":"2023-07-02T19:00:00","guid":{"rendered":"http:\/\/www.zonaroja.com.mx\/?p=57097"},"modified":"2023-07-02T08:28:12","modified_gmt":"2023-07-02T13:28:12","slug":"no-cesan-los-disturbios-en-francia-en-ultima-jornada-hay-427-detenidos","status":"publish","type":"post","link":"https:\/\/zonaroja.com.mx\/?p=57097","title":{"rendered":"No cesan los disturbios en Francia; en \u00faltima jornada hay 427 detenidos"},"content":{"rendered":"\n<p>Redacci\u00f3n\/Zona Roja Cdmx.<\/p>\n\n\n\n<p>Ciudad de M\u00e9xico, a 2 de julio de 2023.- El ministro del Interior de Francia, G\u00e9rald Darmanin, confirm\u00f3 al menos 427 detenciones en todo el pa\u00eds tras los disturbios ocurridos la \u00faltima noche.<\/p>\n\n\n\n<p>Mediante un mensaje en redes sociales, Darmanin resalt\u00f3 que la \u00faltima jornada en el territorio franc\u00e9s fue una \u201cnoche tranquila\u201d.<\/p>\n\n\n\n<p>\u201cNoche m\u00e1s tranquila gracias a la decidida actuaci\u00f3n de la polic\u00eda que ha realizado 427 detenciones desde el inicio de la velada\u201d, expuso en su cuenta de Facebook.<\/p>\n\n\n\n<p>El Gobierno de Francia moviliz\u00f3 en la \u00faltima noche un total de 45 mil polic\u00edas para prevenir los disturbios, la misma cifra que ayer, aunque con refuerzos de unidades antidisturbios en Marsella, Lyon y Grenoble, tras cuatro noches consecutivas de protestas por la muerte de un joven a manos de la Polic\u00eda.<\/p>\n\n\n\n<p>El ministro del Interior anunci\u00f3 el dispositivo de seguridad durante una visita a la comisar\u00eda de la ciudad de Dreux, donde apunt\u00f3 que tambi\u00e9n se utilizar\u00edan&nbsp;helic\u00f3pteros, veh\u00edculos especiales y unidades antidisturbios.<\/p>\n\n\n\n<p>Darmanin asegur\u00f3 que esos refuerzos son \u201cconsiderables\u201d y buscan \u201crestablecer el orden p\u00fablico\u201d, y reiter\u00f3 que la pasada noche la intensidad de los disturbios fue un poco menor excepto en esas ciudades.<\/p>\n\n\n\n<p>Recalc\u00f3 que la pasada noche los incendios de autom\u00f3viles se redujeron a la mitad, pero hubo mil 300 detenciones, que env\u00edan \u201cun mensaje de firmeza\u201d.<\/p>\n\n\n\n<p>El ministro del Interior insisti\u00f3 en el mensaje \u201cmuy importante\u201d a los padres para que controlen a sus hijos, ya que la edad media de los detenidos en esta oleada de disturbios es de 17 a\u00f1os.<\/p>\n\n\n\n<p>(Con informaci\u00f3n de EFE)<\/p>\n","protected":false},"excerpt":{"rendered":"<p>Redacci\u00f3n\/Zona Roja Cdmx. Ciudad de M\u00e9xico, a 2 de julio de 2023.- El ministro del&hellip;<\/p>\n","protected":false},"author":2,"featured_media":57098,"comment_status":"closed","ping_status":"open","sticky":false,"template":"","format":"standard","meta":{"_lmt_disableupdate":"","_lmt_disable":"","_jetpack_memberships_contains_paid_content":false,"footnotes":""},"categories":[109,47],"tags":[],"class_list":["post-57097","post","type-post","status-publish","format-standard","has-post-thumbnail","hentry","category-minuto-a-minuto","category-zona-gris"],"jetpack_featured_media_url":"https:\/\/zonaroja.com.mx\/wp-content\/uploads\/2023\/07\/Disturbios-Francia.webp","jetpack_sharing_enabled":true,"_links":{"self":[{"href":"https:\/\/zonaroja.com.mx\/index.php?rest_route=\/wp\/v2\/posts\/57097","targetHints":{"allow":["GET"]}}],"collection":[{"href":"https:\/\/zonaroja.com.mx\/index.php?rest_route=\/wp\/v2\/posts"}],"about":[{"href":"https:\/\/zonaroja.com.mx\/index.php?rest_route=\/wp\/v2\/types\/post"}],"author":[{"embeddable":true,"href":"https:\/\/zonaroja.com.mx\/index.php?rest_route=\/wp\/v2\/users\/2"}],"replies":[{"embeddable":true,"href":"https:\/\/zonaroja.com.mx\/index.php?rest_route=%2Fwp%2Fv2%2Fcomments&post=57097"}],"version-history":[{"count":1,"href":"https:\/\/zonaroja.com.mx\/index.php?rest_route=\/wp\/v2\/posts\/57097\/revisions"}],"predecessor-version":[{"id":57099,"href":"https:\/\/zonaroja.com.mx\/index.php?rest_route=\/wp\/v2\/posts\/57097\/revisions\/57099"}],"wp:featuredmedia":[{"embeddable":true,"href":"https:\/\/zonaroja.com.mx\/index.php?rest_route=\/wp\/v2\/media\/57098"}],"wp:attachment":[{"href":"https:\/\/zonaroja.com.mx\/index.php?rest_route=%2Fwp%2Fv2%2Fmedia&parent=57097"}],"wp:term":[{"taxonomy":"category","embeddable":true,"href":"https:\/\/zonaroja.com.mx\/index.php?rest_route=%2Fwp%2Fv2%2Fcategories&post=57097"},{"taxonomy":"post_tag","embeddable":true,"href":"https:\/\/zonaroja.com.mx\/index.php?rest_route=%2Fwp%2Fv2%2Ftags&post=57097"}],"curies":[{"name":"wp","href":"https:\/\/api.w.org\/{rel}","templated":true}]}}