{"id":57100,"date":"2023-07-02T15:00:00","date_gmt":"2023-07-02T20:00:00","guid":{"rendered":"http:\/\/www.zonaroja.com.mx\/?p=57100"},"modified":"2023-07-02T08:29:11","modified_gmt":"2023-07-02T13:29:11","slug":"lleva-san-lorenzo-cacaotepec-musica-de-la-guelaguetza-a-cuba","status":"publish","type":"post","link":"https:\/\/zonaroja.com.mx\/?p=57100","title":{"rendered":"Lleva San Lorenzo Cacaotepec m\u00fasica de la Guelaguetza a Cuba"},"content":{"rendered":"\n<p>Redacci\u00f3n\/Zona Roja.<\/p>\n\n\n\n<p>Oaxaca de Ju\u00e1rez, Oax., a 2 de julio de 2023.- La Banda de Alientos Infantil y Juvenil \u201cSan Lorenzo\u201d, del municipio de San Lorenzo Cacaotepec, se encuentra en Cuba, para dar diversos conciertos con m\u00fasica oaxaque\u00f1a de la Guelaguetza.<\/p>\n\n\n\n<p>El ayuntamiento que encabeza la presidenta municipal, Iris Zavaleta L\u00f3pez, felicit\u00f3 y respald\u00f3 a las y los ni\u00f1os y j\u00f3venes que partieron a la isla caribe\u00f1a para participar en el III Congreso Mesoamericano y del Caribe del Movimiento de Culturas Vivas Comunitarias, que se realiza del 27 de junio al 5 de julio en Matanzas.<\/p>\n\n\n\n<p>En dicha actividad, los integrantes de la Banda de Alientos ofrecer\u00e1n el concierto \u201cGuelaguetza par Cuba\u201d, donde la Compa\u00f1\u00eda de Artes Esc\u00e9nicas \u201cXipe Totec\u201d, quien se present\u00f3 en la Semana Cultural de abril pasado en San Lorenzo Cacaotepec, realizar\u00e1n una presentaci\u00f3n de danza folkl\u00f3rica.<\/p>\n\n\n\n<p>En el encuentro internacional participan representaciones de pa\u00edses como Chile, Argentina, Colombia, Brasil, Costa Rica, Ecuador, Uruguay, Rep\u00fablica Dominicana y M\u00e9xico, entre los que se encuentran la Banda de Alientos y la Compa\u00f1\u00eda de Danza, agrupaciones orgullosamente oaxaque\u00f1as que representan dignamente al estado y al pa\u00eds en este encuentro internacional.<\/p>\n\n\n\n<p>La presidenta municipal de San Lorenzo Cacaotepec expres\u00f3 su reconocimiento a los artistas y reiter\u00f3 su compromiso de seguir apoyando la cultura y las manifestaciones culturales populares.<\/p>\n","protected":false},"excerpt":{"rendered":"<p>Redacci\u00f3n\/Zona Roja. Oaxaca de Ju\u00e1rez, Oax., a 2 de julio de 2023.- La Banda de&hellip;<\/p>\n","protected":false},"author":2,"featured_media":57101,"comment_status":"closed","ping_status":"open","sticky":false,"template":"","format":"standard","meta":{"_lmt_disableupdate":"","_lmt_disable":"","_jetpack_memberships_contains_paid_content":false,"footnotes":""},"categories":[109,46],"tags":[],"class_list":["post-57100","post","type-post","status-publish","format-standard","has-post-thumbnail","hentry","category-minuto-a-minuto","category-zona-blanca"],"jetpack_featured_media_url":"https:\/\/zonaroja.com.mx\/wp-content\/uploads\/2023\/07\/Banda-de-musica-San-Lorenzo-Cacaotepec.jpg","jetpack_sharing_enabled":true,"_links":{"self":[{"href":"https:\/\/zonaroja.com.mx\/index.php?rest_route=\/wp\/v2\/posts\/57100","targetHints":{"allow":["GET"]}}],"collection":[{"href":"https:\/\/zonaroja.com.mx\/index.php?rest_route=\/wp\/v2\/posts"}],"about":[{"href":"https:\/\/zonaroja.com.mx\/index.php?rest_route=\/wp\/v2\/types\/post"}],"author":[{"embeddable":true,"href":"https:\/\/zonaroja.com.mx\/index.php?rest_route=\/wp\/v2\/users\/2"}],"replies":[{"embeddable":true,"href":"https:\/\/zonaroja.com.mx\/index.php?rest_route=%2Fwp%2Fv2%2Fcomments&post=57100"}],"version-history":[{"count":1,"href":"https:\/\/zonaroja.com.mx\/index.php?rest_route=\/wp\/v2\/posts\/57100\/revisions"}],"predecessor-version":[{"id":57102,"href":"https:\/\/zonaroja.com.mx\/index.php?rest_route=\/wp\/v2\/posts\/57100\/revisions\/57102"}],"wp:featuredmedia":[{"embeddable":true,"href":"https:\/\/zonaroja.com.mx\/index.php?rest_route=\/wp\/v2\/media\/57101"}],"wp:attachment":[{"href":"https:\/\/zonaroja.com.mx\/index.php?rest_route=%2Fwp%2Fv2%2Fmedia&parent=57100"}],"wp:term":[{"taxonomy":"category","embeddable":true,"href":"https:\/\/zonaroja.com.mx\/index.php?rest_route=%2Fwp%2Fv2%2Fcategories&post=57100"},{"taxonomy":"post_tag","embeddable":true,"href":"https:\/\/zonaroja.com.mx\/index.php?rest_route=%2Fwp%2Fv2%2Ftags&post=57100"}],"curies":[{"name":"wp","href":"https:\/\/api.w.org\/{rel}","templated":true}]}}