{"id":57103,"date":"2023-07-02T17:00:00","date_gmt":"2023-07-02T22:00:00","guid":{"rendered":"http:\/\/www.zonaroja.com.mx\/?p=57103"},"modified":"2023-07-02T08:30:14","modified_gmt":"2023-07-02T13:30:14","slug":"presenta-red-osmo-la-revista-medicamente-organo-de-difusion","status":"publish","type":"post","link":"https:\/\/zonaroja.com.mx\/?p=57103","title":{"rendered":"Presenta Red Osmo la revista \u201cM\u00e9dicaMente\u201d, \u00f3rgano de difusi\u00f3n\u00a0"},"content":{"rendered":"\n<p>Redacci\u00f3n\/Zona Roja.&nbsp;<\/p>\n\n\n\n<p>Oaxaca de Ju\u00e1rez, Oax., a 2 de julio de 2023.-&nbsp;Con el objetivo de difundir las evidencias que contribuyan a mejorar la asistencia m\u00e9dica de los pacientes desde el primer contacto, presentaron en sus instalaciones en la ciudad de Oaxaca de la Red Osmo de Investigaci\u00f3n Cl\u00ednica, la revista \u201cM\u00e9dicaMente\u201d.<\/p>\n\n\n\n<p>\u201c\u2018M\u00e9dicaMente\u2019&nbsp;surge de la necesidad de transmitir la informaci\u00f3n m\u00e1s reciente de los avances m\u00e9dicos con el objetivo de llegar a los profesionales de la salud de primer contacto con el paciente que les ayuden al diagn\u00f3stico oportuno de alg\u00fan padecimiento\u201d afirm\u00f3 durante su intervenci\u00f3n en el lanzamiento de la revista m\u00e9dica, el CEO de Red Osmo, V\u00edctor Boh\u00f3rquez L\u00f3pez.&nbsp;<\/p>\n\n\n\n<p>Boh\u00f3rquez L\u00f3pez agreg\u00f3 que conf\u00eda en que&nbsp;\u201cM\u00e9dicaMente\u201d&nbsp;se convertir\u00e1 en una \u201cherramienta de consulta para todos los m\u00e9dicos y que, en consecuencia, tenga un impacto positivo en la salud de la comunidad\u201d, resalt\u00f3.<\/p>\n\n\n\n<p>\u201cHay una gran comunidad de m\u00e9dicos generales en los servicios de salud, que est\u00e1n en la trinchera de \u2018primera vez\u2019, que adem\u00e1s les criticamos y les exigimos. Nos dimos cuenta de que probablemente est\u00e9n desmotivados. Lo sabemos porque tambi\u00e9n tenemos contacto con ellos. Lo que queremos es lo mejor para el paciente mediante una comunidad m\u00e9dica robusta, con una atenci\u00f3n primaria de calidad. Por ello surge \u2018M\u00e9dicaMente\u2019\u201d coment\u00f3 la fundadora de la revista, Ana Camelo Aguirre, quien tambi\u00e9n es responsable del Programa de Educaci\u00f3n en Investigaci\u00f3n Cl\u00ednica de la Red Osmo.<\/p>\n\n\n\n<p>La revista cuenta diversas secciones como \u201cLos expertos hablan\u201d, \u201cInnovaci\u00f3n\u201d, \u201cBio\u00e9tica 360\u201d, \u201cNutrici\u00f3n\u201d y \u201cPreg\u00fantale al experto\u201d.&nbsp;<\/p>\n\n\n\n<p>Adem\u00e1s de que en este primer n\u00famero, los art\u00edculos giran en torno al tema \u201cInfecciones de Transmisi\u00f3n Sexual\u201d y cuenta con participaci\u00f3n de diversos m\u00e9dicos especialistas como: Humberto D\u00edaz Ponce, infect\u00f3logo pediatra; Estefan\u00eda Sienra Iracheta, Internista Infect\u00f3loga; Daniel Aguilar, Internista Infect\u00f3logo; Gabriela Vel\u00e1squez Rosas y Yuko Nakamura-L\u00f3pez, del Coesida-Capasits; Norma Rivera Mart\u00ednez, Internista Infect\u00f3loga; Christian Hamilton, del Comit\u00e9 de \u00c9tica en Investigaci\u00f3n de Osmo y la nutri\u00f3loga Camila Zarza Camacho.<\/p>\n\n\n\n<p>En \u201cM\u00e9dicaMente\u201d colaboran diversos m\u00e9dicos especialistas con informaci\u00f3n breve, concisa y esquem\u00e1tica para una f\u00e1cil lectura de temas actualizados en su formato f\u00edsico y digital, la cual puede ser consultada en&nbsp;www.redosmo.com\/medicamente.<\/p>\n\n\n\n<p>Al evento asistieron diversos representantes de instituciones p\u00fablicas, privadas, de educaci\u00f3n superior y medios de comunicaci\u00f3n, quienes atestiguaron el lanzamiento de la revista que ser\u00e1 distribuida en diversas entidades del pa\u00eds.<\/p>\n","protected":false},"excerpt":{"rendered":"<p>Redacci\u00f3n\/Zona Roja.&nbsp; Oaxaca de Ju\u00e1rez, Oax., a 2 de julio de 2023.-&nbsp;Con el objetivo de&hellip;<\/p>\n","protected":false},"author":2,"featured_media":57104,"comment_status":"closed","ping_status":"open","sticky":false,"template":"","format":"standard","meta":{"_lmt_disableupdate":"","_lmt_disable":"","_jetpack_memberships_contains_paid_content":false,"footnotes":""},"categories":[109,46],"tags":[3100],"class_list":["post-57103","post","type-post","status-publish","format-standard","has-post-thumbnail","hentry","category-minuto-a-minuto","category-zona-blanca","tag-red-osmo-oaxaca"],"jetpack_featured_media_url":"https:\/\/zonaroja.com.mx\/wp-content\/uploads\/2023\/07\/Presenta-Red-Osmo-la-revista-22MedicaMente222.jpg","jetpack_sharing_enabled":true,"_links":{"self":[{"href":"https:\/\/zonaroja.com.mx\/index.php?rest_route=\/wp\/v2\/posts\/57103","targetHints":{"allow":["GET"]}}],"collection":[{"href":"https:\/\/zonaroja.com.mx\/index.php?rest_route=\/wp\/v2\/posts"}],"about":[{"href":"https:\/\/zonaroja.com.mx\/index.php?rest_route=\/wp\/v2\/types\/post"}],"author":[{"embeddable":true,"href":"https:\/\/zonaroja.com.mx\/index.php?rest_route=\/wp\/v2\/users\/2"}],"replies":[{"embeddable":true,"href":"https:\/\/zonaroja.com.mx\/index.php?rest_route=%2Fwp%2Fv2%2Fcomments&post=57103"}],"version-history":[{"count":1,"href":"https:\/\/zonaroja.com.mx\/index.php?rest_route=\/wp\/v2\/posts\/57103\/revisions"}],"predecessor-version":[{"id":57105,"href":"https:\/\/zonaroja.com.mx\/index.php?rest_route=\/wp\/v2\/posts\/57103\/revisions\/57105"}],"wp:featuredmedia":[{"embeddable":true,"href":"https:\/\/zonaroja.com.mx\/index.php?rest_route=\/wp\/v2\/media\/57104"}],"wp:attachment":[{"href":"https:\/\/zonaroja.com.mx\/index.php?rest_route=%2Fwp%2Fv2%2Fmedia&parent=57103"}],"wp:term":[{"taxonomy":"category","embeddable":true,"href":"https:\/\/zonaroja.com.mx\/index.php?rest_route=%2Fwp%2Fv2%2Fcategories&post=57103"},{"taxonomy":"post_tag","embeddable":true,"href":"https:\/\/zonaroja.com.mx\/index.php?rest_route=%2Fwp%2Fv2%2Ftags&post=57103"}],"curies":[{"name":"wp","href":"https:\/\/api.w.org\/{rel}","templated":true}]}}