{"id":57107,"date":"2023-07-02T11:12:36","date_gmt":"2023-07-02T16:12:36","guid":{"rendered":"http:\/\/www.zonaroja.com.mx\/?p=57107"},"modified":"2023-07-02T11:12:46","modified_gmt":"2023-07-02T16:12:46","slug":"inicia-la-65-legislatura-segundo-periodo-ordinario-del-segundo-ano-de-ejercicio","status":"publish","type":"post","link":"https:\/\/zonaroja.com.mx\/?p=57107","title":{"rendered":"Inicia la 65 Legislatura segundo periodo ordinario del segundo a\u00f1o de ejercicio"},"content":{"rendered":"\n<p>Redacci\u00f3n\/Zona Roja.<\/p>\n\n\n\n<p>Oaxaca de Ju\u00e1rez, Oax. 2 de julio de 2023.- El Congreso del Estado de Oaxaca dio inicio este s\u00e1bado al segundo periodo ordinario de sesiones del pleno del segundo a\u00f1o de ejercicio constitucional de la 65 Legislatura local. <\/p>\n\n\n\n<p>Luego de la clausura de la Diputaci\u00f3n Permanente, se realiz\u00f3 la sesi\u00f3n de apertura en el recinto legislativo, con la direcci\u00f3n de la Mesa Directiva que preside la diputada M\u00edriam de los \u00c1ngeles V\u00e1zquez Ruiz.&nbsp;<\/p>\n\n\n\n<p>Luis Alfonso Silva Romo, presidente de la Junta de Coordinaci\u00f3n Pol\u00edtica (Jucopo), &nbsp;destac\u00f3 que este segundo periodo de sesiones ser\u00e1 de an\u00e1lisis de ordenamientos jur\u00eddicos en el \u00e1mbito de educaci\u00f3n, administraci\u00f3n, justicia, y gobierno, principalmente.&nbsp;<\/p>\n\n\n\n<p>\u00abEl primer periodo fue el establecimiento del marco jur\u00eddico para el gobierno que encabeza el ingeniero Salom\u00f3n Jara Cruz, este segundo ser\u00e1 de an\u00e1lisis en temas importantes como la educaci\u00f3n, la justicia administrativa, el notariado, en temas que tienen que ver con fundamentos de la administraci\u00f3n p\u00fablica y del ejercicio del poder p\u00fablico en Oaxaca\u00bb, inform\u00f3.&nbsp;<\/p>\n\n\n\n<p>Asimismo, reiter\u00f3 el compromiso de la 65 Legislatura local de \u00absiempre estar trabajando de lado de las causas del pueblo, siempre estar legislando para tener un marco jur\u00eddico adecuado para que las y los oaxaque\u00f1os puedan desarrollar su potencial adecuado\u00bb.&nbsp;<\/p>\n\n\n\n<p>El 5 de julio de este 2023 a las 11:00 horas ser\u00e1 la primera sesi\u00f3n ordinaria del pleno de este segundo periodo.<\/p>\n","protected":false},"excerpt":{"rendered":"<p>Redacci\u00f3n\/Zona Roja. Oaxaca de Ju\u00e1rez, Oax. 2 de julio de 2023.- El Congreso del Estado&hellip;<\/p>\n","protected":false},"author":2,"featured_media":57106,"comment_status":"closed","ping_status":"open","sticky":false,"template":"","format":"standard","meta":{"_lmt_disableupdate":"","_lmt_disable":"","_jetpack_memberships_contains_paid_content":false,"footnotes":""},"categories":[109,46],"tags":[],"class_list":["post-57107","post","type-post","status-publish","format-standard","has-post-thumbnail","hentry","category-minuto-a-minuto","category-zona-blanca"],"jetpack_featured_media_url":"https:\/\/zonaroja.com.mx\/wp-content\/uploads\/2023\/07\/baa47d09-bdb6-4648-a9a3-c76b0179f43e.jpg","jetpack_sharing_enabled":true,"_links":{"self":[{"href":"https:\/\/zonaroja.com.mx\/index.php?rest_route=\/wp\/v2\/posts\/57107","targetHints":{"allow":["GET"]}}],"collection":[{"href":"https:\/\/zonaroja.com.mx\/index.php?rest_route=\/wp\/v2\/posts"}],"about":[{"href":"https:\/\/zonaroja.com.mx\/index.php?rest_route=\/wp\/v2\/types\/post"}],"author":[{"embeddable":true,"href":"https:\/\/zonaroja.com.mx\/index.php?rest_route=\/wp\/v2\/users\/2"}],"replies":[{"embeddable":true,"href":"https:\/\/zonaroja.com.mx\/index.php?rest_route=%2Fwp%2Fv2%2Fcomments&post=57107"}],"version-history":[{"count":1,"href":"https:\/\/zonaroja.com.mx\/index.php?rest_route=\/wp\/v2\/posts\/57107\/revisions"}],"predecessor-version":[{"id":57108,"href":"https:\/\/zonaroja.com.mx\/index.php?rest_route=\/wp\/v2\/posts\/57107\/revisions\/57108"}],"wp:featuredmedia":[{"embeddable":true,"href":"https:\/\/zonaroja.com.mx\/index.php?rest_route=\/wp\/v2\/media\/57106"}],"wp:attachment":[{"href":"https:\/\/zonaroja.com.mx\/index.php?rest_route=%2Fwp%2Fv2%2Fmedia&parent=57107"}],"wp:term":[{"taxonomy":"category","embeddable":true,"href":"https:\/\/zonaroja.com.mx\/index.php?rest_route=%2Fwp%2Fv2%2Fcategories&post=57107"},{"taxonomy":"post_tag","embeddable":true,"href":"https:\/\/zonaroja.com.mx\/index.php?rest_route=%2Fwp%2Fv2%2Ftags&post=57107"}],"curies":[{"name":"wp","href":"https:\/\/api.w.org\/{rel}","templated":true}]}}