{"id":57109,"date":"2023-07-02T17:23:24","date_gmt":"2023-07-02T22:23:24","guid":{"rendered":"http:\/\/www.zonaroja.com.mx\/?p=57109"},"modified":"2023-07-02T17:23:28","modified_gmt":"2023-07-02T22:23:28","slug":"aqui-estamos-las-madres-denunciando-el-sistema-patriarcal-que-protege-a-deudores","status":"publish","type":"post","link":"https:\/\/zonaroja.com.mx\/?p=57109","title":{"rendered":"\u201cAqu\u00ed estamos las madres denunciando el sistema patriarcal que protege a deudores\u201d"},"content":{"rendered":"\n<p>Yuridiana Sosa\/Zona Roja.<\/p>\n\n\n\n<p>Oaxaca de Ju\u00e1rez, Oax., a 2 de julio de 2023.- Los \u201ctendederos\u201d de denuncias contra deudores alimentarios en Oaxaca cada vez reporta m\u00e1s casos de hijos que demandan a sus padres por abandono, pero las v\u00edctimas refieren enfrentar a un sistema de justicia que est\u00e1 en su contra.<\/p>\n\n\n\n<p>Desde la Alameda de Le\u00f3n, en la capital del estado, fueron colocadas decenas de lonas y cartulinas con los nombres de los deudores y donde las v\u00edctimas alzaron la voz para exigir justicia, como es el caso de Laura Janet y su hijo Emmanuel de 19 a\u00f1os.<\/p>\n\n\n\n<p>La madre e hijo se\u00f1alaron a Rufino Tom\u00e1s Cid Pacheco, de profesi\u00f3n ingeniero civil, de un abandono de 10 a\u00f1os, pero adem\u00e1s, tambi\u00e9n dej\u00f3 sin sustento a otros dos hijos que tuvieron en com\u00fan, Giovanni de 17 y Vanessa 16 a\u00f1os.<\/p>\n\n\n\n<p>Tras la falta de soluci\u00f3n del proceso legal, que comenz\u00f3 desde 2017, cuando Emmanuel a\u00fan era menor de edad, ahora el mayor de los hermanos decidi\u00f3 denunciar a su progenitor para que cumpla con sus obligaciones.<\/p>\n\n\n\n<p>Con una lona con la fotograf\u00eda de Rufino y la leyenda \u201cse busca\u201d , la familia dan a conocer el caso asentado en la causa penal 544\/2017.<\/p>\n\n\n\n<p>Laura Janet apunt\u00f3 que es un proceso doloroso para un hijo, que ninguno debiera vivir, sin embargo, la dilaci\u00f3n en las resoluciones llevan a las v\u00edctimas a iniciar sus denuncias.<\/p>\n\n\n\n<p>La mujer agreg\u00f3 que desafortunadamente tras siete a\u00f1os de alegatos, tuvo acceso a una audiencia penal en la que se declar\u00f3 inocente a llamar deudor alimentario, pues el juez se\u00f1al\u00f3 pruebas insuficientes y falta de copias certificadas de los presentando.<\/p>\n\n\n\n<figure class=\"wp-block-embed is-type-rich is-provider-twitter wp-block-embed-twitter\"><div class=\"wp-block-embed__wrapper\">\n<div class=\"twitter-tweet\"><blockquote class=\"twitter-tweet\" data-lang=\"es\"><p lang=\"es\" dir=\"ltr\">2. \u00a1Diez a\u00f1os sin justicia ni pensi\u00f3n para sus tres hijos! Laura Janet cuenta su testimonio acerca de la irresponsabilidad de Rufino Tom\u00e1s Cid Pacheco; lamenta la tardanza en los procesos y acusa corrupci\u00f3n en Oaxaca. <br>Esc\u00fachela: <a href=\"https:\/\/t.co\/JPzNCg7SBg\">pic.twitter.com\/JPzNCg7SBg<\/a><\/p>&mdash; Zona Roja Oaxaca (@ZonaRoja_Oaxaca) <a href=\"https:\/\/twitter.com\/ZonaRoja_Oaxaca\/status\/1675563156150833152?ref_src=twsrc%5Etfw\">2 de julio de 2023<\/a><\/blockquote><\/div>\n<\/div><\/figure>\n\n\n\n<p>Esos motivos, dijo la madre, son injustos, pues al ser procedimientos costosos a las madres solteras se les dificulta costearlos.<\/p>\n\n\n\n<p>No obstante, seguir\u00e1 luchando para que Rufino tambi\u00e9n cumpla con sus obligaciones para sus hijos a\u00fan menores de edad.<\/p>\n\n\n\n<p>INJUSTICIA<\/p>\n\n\n\n<p>Las v\u00edctimas denunciaron de forma p\u00fablica que el sistema de justicia se encuentra a favor de los deudores alimentarios.<\/p>\n\n\n\n<p>\u201cAqu\u00ed estamos las madres denunciando el sistema patriarcal que protege a los deudores\u201d, \u201cNo hay ley que haga cumplir a los sujetos. Nuestras demandas no avanzan\u201d.<\/p>\n\n\n\n<p>Todo ello les implica sentirse cansadas de enfrentar un sistema de este tipo, y no sentir la seguridad para continuar.<\/p>\n\n\n\n<p>Las madres v\u00edctimas presentes alentaron a las mam\u00e1s ausentes a no desistir, pues saben que en muchos casos alzar la voz representa amenazas con su integridad.<\/p>\n\n\n\n<p>Luego de poco m\u00e1s de una hora, las v\u00edctimas retiraron su \u201ctendedero\u201d de deudores alimentarios, sin que ninguna autoridad se acercara a ellas para escucharlas.<\/p>\n","protected":false},"excerpt":{"rendered":"<p>Yuridiana Sosa\/Zona Roja. Oaxaca de Ju\u00e1rez, Oax., a 2 de julio de 2023.- Los \u201ctendederos\u201d&hellip;<\/p>\n","protected":false},"author":2,"featured_media":57111,"comment_status":"closed","ping_status":"open","sticky":false,"template":"","format":"standard","meta":{"_lmt_disableupdate":"","_lmt_disable":"","_jetpack_memberships_contains_paid_content":false,"footnotes":""},"categories":[109,47],"tags":[2831],"class_list":["post-57109","post","type-post","status-publish","format-standard","has-post-thumbnail","hentry","category-minuto-a-minuto","category-zona-gris","tag-tendedero-deudores-alimentarios"],"jetpack_featured_media_url":"https:\/\/zonaroja.com.mx\/wp-content\/uploads\/2023\/07\/Tendedero-deudores-alimentarios-Oaxaca.jpg","jetpack_sharing_enabled":true,"_links":{"self":[{"href":"https:\/\/zonaroja.com.mx\/index.php?rest_route=\/wp\/v2\/posts\/57109","targetHints":{"allow":["GET"]}}],"collection":[{"href":"https:\/\/zonaroja.com.mx\/index.php?rest_route=\/wp\/v2\/posts"}],"about":[{"href":"https:\/\/zonaroja.com.mx\/index.php?rest_route=\/wp\/v2\/types\/post"}],"author":[{"embeddable":true,"href":"https:\/\/zonaroja.com.mx\/index.php?rest_route=\/wp\/v2\/users\/2"}],"replies":[{"embeddable":true,"href":"https:\/\/zonaroja.com.mx\/index.php?rest_route=%2Fwp%2Fv2%2Fcomments&post=57109"}],"version-history":[{"count":1,"href":"https:\/\/zonaroja.com.mx\/index.php?rest_route=\/wp\/v2\/posts\/57109\/revisions"}],"predecessor-version":[{"id":57112,"href":"https:\/\/zonaroja.com.mx\/index.php?rest_route=\/wp\/v2\/posts\/57109\/revisions\/57112"}],"wp:featuredmedia":[{"embeddable":true,"href":"https:\/\/zonaroja.com.mx\/index.php?rest_route=\/wp\/v2\/media\/57111"}],"wp:attachment":[{"href":"https:\/\/zonaroja.com.mx\/index.php?rest_route=%2Fwp%2Fv2%2Fmedia&parent=57109"}],"wp:term":[{"taxonomy":"category","embeddable":true,"href":"https:\/\/zonaroja.com.mx\/index.php?rest_route=%2Fwp%2Fv2%2Fcategories&post=57109"},{"taxonomy":"post_tag","embeddable":true,"href":"https:\/\/zonaroja.com.mx\/index.php?rest_route=%2Fwp%2Fv2%2Ftags&post=57109"}],"curies":[{"name":"wp","href":"https:\/\/api.w.org\/{rel}","templated":true}]}}