{"id":5711,"date":"2019-11-13T18:19:20","date_gmt":"2019-11-14T00:19:20","guid":{"rendered":"http:\/\/www.zonaroja.com.mx\/?p=5711"},"modified":"2019-11-13T18:19:23","modified_gmt":"2019-11-14T00:19:23","slug":"sin-tregua-movilizaciones-en-oaxaca-en-visperas-de-tercer-informe-de-gobierno","status":"publish","type":"post","link":"https:\/\/zonaroja.com.mx\/?p=5711","title":{"rendered":"Sin tregua movilizaciones en Oaxaca, en v\u00edsperas de Tercer Informe de Gobierno"},"content":{"rendered":"\n<p>Evlin\nArag\u00f3n\/Zona Roja.<\/p>\n\n\n\n<p>Oaxaca de\nJu\u00e1rez, Oax., 13 de noviembre de 2019.- A un par de d\u00edas del Tercer Informe del\ngobernador Alejandro Murat Hinojosa, las movilizaciones no cesan en la capital\ny al interior del estado.<\/p>\n\n\n\n<p>Este\nmi\u00e9rcoles y por tercer d\u00eda consecutivo, personal jubilado y pensionado afiliado\na la Secci\u00f3n 22 del SNTE bloque\u00f3 por al menos cinco horas la calzada H\u00e9roes de Chapultepec,\nen los cruces con Amapolas y Emilio Carranza.<\/p>\n\n\n\n<p>De acuerdo a\nJos\u00e9 Luis Nordo\u00f1a Rodr\u00edguez, titular de la Secretar\u00eda de Jubilados, desde hace\n10 a\u00f1os el Gobierno del Estado no ha cumplido con sus pagos de prima de\nantig\u00fcedad y pago de bonos argumentando la falta de recursos, por lo que no\ndescartaron movilizarse en el marco del tercer informe del mandatario estatal,\nAlejandro Murat.<\/p>\n\n\n\n<p>De igual forma y desde temprana hora integrantes de Colonias Unidas se apoderaron de la caseta de cobro en San Pablo Huitzo, en la supercarretera Oaxaca-Cuacnopalan, para exigir atenci\u00f3n por parte de las autoridades en temas justicia para los pueblos ind\u00edgenas y obras sociales; aprovecharon como en ocasiones anteriores para cobrar \u201ccooperaci\u00f3n voluntaria\u201d a automovilistas que pasan por el lugar.<\/p>\n\n\n\n<figure class=\"wp-block-embed-twitter wp-block-embed is-type-rich is-provider-twitter\"><div class=\"wp-block-embed__wrapper\">\n<div class=\"twitter-tweet\"><blockquote class=\"twitter-tweet\" data-lang=\"es\"><p lang=\"es\" dir=\"ltr\"><a href=\"https:\/\/twitter.com\/hashtag\/OaxacaGris?src=hash&amp;ref_src=twsrc%5Etfw\">#OaxacaGris<\/a><a href=\"https:\/\/twitter.com\/hashtag\/OaxacaLoTieneTodo?src=hash&amp;ref_src=twsrc%5Etfw\">#OaxacaLoTieneTodo<\/a><br>Protestas y bloqueos por tercer d\u00eda consecutivo en la ciudad de Oaxaca, ahora de maestros jubilados adheridos a la Secci\u00f3n 22 del SNTE, en la calzada H\u00e9roes de Chapultepec. <a href=\"https:\/\/t.co\/fzN4cIXV09\">pic.twitter.com\/fzN4cIXV09<\/a><\/p>&mdash; Zona Roja Oaxaca (@MexRoja) <a href=\"https:\/\/twitter.com\/MexRoja\/status\/1194660149870440449?ref_src=twsrc%5Etfw\">13 de noviembre de 2019<\/a><\/blockquote><\/div>\n<\/div><\/figure>\n\n\n\n<p>Mientras que\nintegrantes de las organizaciones Uni\u00f3n de Artesanos y Comerciantes Oaxaque\u00f1os\nen Lucha (UACOL), Frente Popular Revolucionario (FPR), Frente Amplio de Lucha\nPopular (FALP), el Movimiento de Unificaci\u00f3n y Lucha Triqui (MULT), entre\notras, se manifestaron este mi\u00e9rcoles en el Andador Tur\u00edstico a fin de condenar\n\u00abel golpe de Estado en Bolivia\u00bb contra Evo Morales.<\/p>\n\n\n\n<p>Con\npancartas y banderas del pa\u00eds boliviano indicaron que la \u201cpol\u00edtica golpista,\nterrorista y criminal\u00bb podr\u00eda replicarse en pa\u00edses como Ecuador, Chile,\nArgentina y Hait\u00ed donde actualmente se realizan diversas manifestaciones en\ncontra de los gobierno dictatoriales y a favor de los derechos ciudadanos.<\/p>\n\n\n\n<p>SIN TREGUA<\/p>\n\n\n\n<p>Desde el\ninicio de esta semana las movilizaciones no han dado tregua a la ciudadan\u00eda\nque, como ya es costumbre, resulta la m\u00e1s afectada en su derecho al libre\ntr\u00e1nsito, al transbordar en varias ocasiones las unidades de transporte e\ninvertir un gasto extra por esta situaci\u00f3n.<\/p>\n\n\n\n<p>El martes\nfueron los normalistas egresados de las generaciones 2015,2016 y 2017 quienes\ncerraron la avenida L\u00e1zaro C\u00e1rdenas, en exigencia de la entrega autom\u00e1tica de\nplazas y demanda del poco respaldo que les ha brindado la gremial magisterial,\nadem\u00e1s de supervisores y jefes de sector encabezados por Erangelio Mendoza.<\/p>\n\n\n\n<p>Asimismo, habitantes\nde San Miguel Copala que denunciaron actos de favoritismo al interior del\nInstituto de los Pueblos Ind\u00edgenas (INPI) y protestaron en la capital y la zona\nMixteca.<\/p>\n\n\n\n<p>Mientras que\nel lunes, integrantes de diversas organizaciones sociales bloquearon los\naccesos de Palacio de Gobierno y marcharon por las principales calles de la\ncapital de Oaxaca, con el respaldo de la Secci\u00f3n 22, para exigir la liberaci\u00f3n\nde Fredy Garc\u00eda acusado por la tortura y asesinato de un elemento de la Agencia\nEstatal de Investigaciones (AEI).<\/p>\n\n\n\n<p>As\u00ed mismo\nsupervisores y jefes escolares del nivel primaria de la gremial magisterial\niniciaron un plant\u00f3n indefinido en el z\u00f3calo de Oaxaca, para exigir respuestas\na su pliego de demandas dentro de las que se encuentran reconocimiento de\npersonal y ascensos directos.<\/p>\n","protected":false},"excerpt":{"rendered":"<p>Evlin Arag\u00f3n\/Zona Roja. Oaxaca de Ju\u00e1rez, Oax., 13 de noviembre de 2019.- A un par&hellip;<\/p>\n","protected":false},"author":2,"featured_media":5712,"comment_status":"closed","ping_status":"open","sticky":false,"template":"","format":"standard","meta":{"_lmt_disableupdate":"","_lmt_disable":"","_jetpack_memberships_contains_paid_content":false,"footnotes":""},"categories":[1],"tags":[],"class_list":["post-5711","post","type-post","status-publish","format-standard","has-post-thumbnail","hentry","category-sin-categoria"],"jetpack_featured_media_url":"https:\/\/zonaroja.com.mx\/wp-content\/uploads\/2019\/11\/PHOTO-2019-11-13-10-44-17.jpg","jetpack_sharing_enabled":true,"_links":{"self":[{"href":"https:\/\/zonaroja.com.mx\/index.php?rest_route=\/wp\/v2\/posts\/5711","targetHints":{"allow":["GET"]}}],"collection":[{"href":"https:\/\/zonaroja.com.mx\/index.php?rest_route=\/wp\/v2\/posts"}],"about":[{"href":"https:\/\/zonaroja.com.mx\/index.php?rest_route=\/wp\/v2\/types\/post"}],"author":[{"embeddable":true,"href":"https:\/\/zonaroja.com.mx\/index.php?rest_route=\/wp\/v2\/users\/2"}],"replies":[{"embeddable":true,"href":"https:\/\/zonaroja.com.mx\/index.php?rest_route=%2Fwp%2Fv2%2Fcomments&post=5711"}],"version-history":[{"count":1,"href":"https:\/\/zonaroja.com.mx\/index.php?rest_route=\/wp\/v2\/posts\/5711\/revisions"}],"predecessor-version":[{"id":5713,"href":"https:\/\/zonaroja.com.mx\/index.php?rest_route=\/wp\/v2\/posts\/5711\/revisions\/5713"}],"wp:featuredmedia":[{"embeddable":true,"href":"https:\/\/zonaroja.com.mx\/index.php?rest_route=\/wp\/v2\/media\/5712"}],"wp:attachment":[{"href":"https:\/\/zonaroja.com.mx\/index.php?rest_route=%2Fwp%2Fv2%2Fmedia&parent=5711"}],"wp:term":[{"taxonomy":"category","embeddable":true,"href":"https:\/\/zonaroja.com.mx\/index.php?rest_route=%2Fwp%2Fv2%2Fcategories&post=5711"},{"taxonomy":"post_tag","embeddable":true,"href":"https:\/\/zonaroja.com.mx\/index.php?rest_route=%2Fwp%2Fv2%2Ftags&post=5711"}],"curies":[{"name":"wp","href":"https:\/\/api.w.org\/{rel}","templated":true}]}}