{"id":57113,"date":"2023-07-03T09:00:00","date_gmt":"2023-07-03T14:00:00","guid":{"rendered":"http:\/\/www.zonaroja.com.mx\/?p=57113"},"modified":"2023-07-03T08:24:24","modified_gmt":"2023-07-03T13:24:24","slug":"tras-fracasos-en-recorridos-por-el-pais-murat-desiste-de-buscar-candidatura-presidencial","status":"publish","type":"post","link":"https:\/\/zonaroja.com.mx\/?p=57113","title":{"rendered":"Opini\u00f3n. Se la acaba el tiempo a Mart\u00ednez Neri\u2026 entre la basura"},"content":{"rendered":"\n<p>Ismael Garc\u00eda M.\/Zona Roja.<\/p>\n\n\n\n<p>Oaxaca de Ju\u00e1rez, Oax., a 3 de julio de 2023.- El pasado s\u00e1bado, el presidente municipal de Oaxaca de Ju\u00e1rez, Francisco Mart\u00ednez Neri, cumpli\u00f3 su tercer semestre el frente del gobierno municipal, es decir, la mitad de su mandato.<\/p>\n\n\n\n<p>El final est\u00e1 a la vuelta de la esquina. Y terminar\u00e1 como inici\u00f3: entre deudas, impunidad para Oswaldo Garc\u00eda Jarqu\u00edn, una prolongada crisis de la basura, con escasas obras p\u00fablicas y con un equipo de trabajo que no hizo m\u00e1s que entorpecer la administraci\u00f3n municipal.<\/p>\n\n\n\n<p>El pasado jueves acept\u00f3: \u201cEl sello en esta administraci\u00f3n es el asunto de los residuos s\u00f3lidos urbanos\u201d. Y s\u00ed, el sello de la gesti\u00f3n de Mart\u00ednez Neri ser\u00e1 la crisis de la basura, que al t\u00e9rmino de su mandato habr\u00eda consumido por lo menos 300 millones de pesos.<\/p>\n\n\n\n<p>Porque \u00e9l mismo acept\u00f3 la semana pasada que, si hoy mismo iniciara la construcci\u00f3n del centro de residuos s\u00f3lidos para la regi\u00f3n Valles Centrales, tardar\u00eda de a\u00f1o y medio a dos a\u00f1os en comenzar a operar; justo lo que resta de su mandato.<\/p>\n\n\n\n<p>EL PERD\u00d3N<\/p>\n\n\n\n<p>Pero el otro sello que marcar\u00e1 el segundo gobierno municipal emanado del Partido Morena ser\u00e1 la impunidad. La semana pasada se cumpli\u00f3 tambi\u00e9n un a\u00f1o en que el mismo edil denunci\u00f3 la ca\u00f3tica administraci\u00f3n que recibi\u00f3 de Oswaldo Garc\u00eda Jarqu\u00edn.<\/p>\n\n\n\n<p>\u201cComo parte del compromiso contra\u00eddo con la ciudadan\u00eda del municipio de Oaxaca de Ju\u00e1rez, para rendir cuentas sobre el estado en el que se recibi\u00f3 la Administraci\u00f3n P\u00fablica Municipal, me permito informar acerca de las condiciones de los activos, pasivos, patrimonio, y en general la administraci\u00f3n del municipio al inicio de la presente gesti\u00f3n.<\/p>\n\n\n\n<p>\u201cDebo se\u00f1alar que debido a las dos vedas electorales que estuvieron en vigor y que abarcaron los meses de febrero a junio del presente a\u00f1o, se consider\u00f3 prudente no presentar en ese espacio de tiempo el presente informe, aparte de que sigui\u00f3 llegando al municipio informaci\u00f3n adicional sustantiva que se integr\u00f3 al presente documento\u201d.<\/p>\n\n\n\n<p>As\u00ed inici\u00f3 Mart\u00ednez Neri hace un a\u00f1o la lectura del documento en que explicaba las probables anomal\u00edas ocurridas durante la gesti\u00f3n de su antecesor, el tambi\u00e9n morenista Garc\u00eda Jarqu\u00edn.<\/p>\n\n\n\n<p>Tras ello, detall\u00f3 las probables irregularidades, entre ellas una deuda de 386 millones 603 mil 792 pesos con 19 centavos, \u201ccifra que representa un 25% por ciento del presupuesto de egresos del ejercicio 2022\u201d.<\/p>\n\n\n\n<p>Se\u00f1al\u00f3 entonces m\u00faltiples anomal\u00edas, como el pago en efectivo, con 23 transferencias a nombre de un funcionario municipal, por 72 millones 968 mil 550 pesos, de los cuales no fue posible aclarar movimientos por cuatro millones 914 mil 510 pesos.<\/p>\n\n\n\n<p>Pero de todo ello, a un a\u00f1o de la denuncia y a a\u00f1o y medio del gobierno municipal actual, nada se ha podido hacer. Por supuesto, ni siquiera una denuncia formal ante la Fiscal\u00eda General del Estado.<\/p>\n\n\n\n<p>Tambi\u00e9n la semana pasada, el edil morenista argument\u00f3 que entre julio y agosto terminar\u00eda la revisi\u00f3n por parte de la Contralor\u00eda municipal y a partir de ah\u00ed se decidir\u00eda si se presenta o no una denuncia penal.<\/p>\n\n\n\n<p>Mientras tanto, Oswaldo Garc\u00eda Jarqu\u00edn ni sufre ni se acongoja, porque sabe que mucho de ese dinero fue a parar a campa\u00f1as pol\u00edticas, nacional y estatal, y otra parte a sus bolsillos y a sus allegados.<\/p>\n\n\n\n<p>Pero no hay ni habr\u00e1 castigo; por el contrario, resurgi\u00f3 hace unos d\u00edas, por lo menos v\u00eda redes sociales, para animar simpat\u00edas a favor de Marcelo Ebrard.<\/p>\n\n\n\n<p>EL ESC\u00c1NDALO<\/p>\n\n\n\n<p>Pero si eso no ha podido arreglar Mart\u00ednez Neri, tampoco lo ha hecho con el megaesc\u00e1ndalo de su administraci\u00f3n: el robo de m\u00e1s de 800 veh\u00edculos del encierro \u201cPrimavera\u201d.<\/p>\n\n\n\n<p>El probable acto de corrupci\u00f3n inici\u00f3 apenas tres meses despu\u00e9s que arranc\u00f3 el trienio del actual edil y est\u00e1n involucrados sus propios colaboradores.<\/p>\n\n\n\n<p>Pero no fue sino hasta octubre siguiente, en que se comenz\u00f3 con las denuncias penales ante la Fiscal\u00eda General del Estado.<\/p>\n\n\n\n<p>Y apenas en marzo pasado tambi\u00e9n, se hizo p\u00fablico el caso, lo que gener\u00f3 un esc\u00e1ndalo de enormes proporciones.<\/p>\n\n\n\n<p>Para acallar las cr\u00edticas, el gobierno municipal dio nombres pero, hasta ahora, son dos funcionarios de menor nivel los que han sido detenidos, mientras las cabecillas, comenzando por la Secretar\u00eda de Gobierno municipal que preside Felipe Canseco, y la Secretar\u00eda de Seguridad de Ra\u00fal \u00c1vila, siguen impunes.<\/p>\n\n\n\n<p>Por si eso fuera poco, carga tambi\u00e9n con la pesada losa de la inseguridad, pues su secretario de Seguridad y Protecci\u00f3n Ciudadana, el militar Ra\u00fal \u00c1vila Ibarra, desde hace mucho tiempo se ha dedicado a la disipaci\u00f3n\u2026 y a disfrutar de la compa\u00f1\u00eda de la regidora de Seguridad.<\/p>\n\n\n\n<p>No hay d\u00eda en que no se registren hechos violentos en la capital pese a los supuestos operativos; lo mismo ocurre en pleno Centro Hist\u00f3rico que en la Central de Abasto, donde frecuentemente se anuncian operativos de seguridad\u2026 para que todo siga igual.<\/p>\n\n\n\n<p>ENTRE BASURA<\/p>\n\n\n\n<p>Como \u00e9l mismo lo acept\u00f3, la de la basura es la principal crisis que marcar\u00e1 el gobierno de Francisco Mart\u00ednez Neri, ex rector de la UABJO y ex diputado federal.<\/p>\n\n\n\n<p>Desde octubre pasado, en que la autoridad municipal de la Villa de Zaachila determin\u00f3 cerrar el tiradero en que vert\u00edan desechos unos 25 municipios, no se ha podido encontrar una alternativa.<\/p>\n\n\n\n<p>La \u00fanica salida es tirar, literalmente, el dinero a la basura; luego de varios tropiezos y esc\u00e1ndalos, se decidi\u00f3 contratar g\u00f3ndolas que lleven los desechos a otras entidades del pa\u00eds y m\u00e1s recientemente hacia la planta de la empresa Cruz Azul ubicada en Lagunas, El Barrio de la Soledad.<\/p>\n\n\n\n<p>En menos de un a\u00f1o, se han utilizado unos 150 millones de pesos para ese tipo de traslados.<\/p>\n\n\n\n<p>Eso aunado a la incapacidad de la Secretar\u00eda de Gobierno de la administraci\u00f3n estatal para hallar un sitio adecuado d\u00f3nde tirar los desechos, ha originado la imparable crisis, que se sigue reflejando en las calles y parques.<\/p>\n\n\n\n<p>Y en el colmo, ambas autoridades han permitido la impunidad tambi\u00e9n a las organizaciones CATEM y CTM para mantener sus tiraderos clandestinos en la ribera del r\u00edo \u201cAtoyac\u201d, sin tocarlos siquiera con un apercibimiento.<\/p>\n\n\n\n<p>Por el contrario, han comenzado a pagar g\u00f3ndolas para retirar esos desechos y se calcula que s\u00f3lo en ello se gastar\u00edan unos 10 millones de pesos, sin que esas agrupaciones violentas pongan un peso, mucho menos se les castigue por el da\u00f1o ambiental que han provocado.<\/p>\n\n\n\n<p>\u00bfHAY SALIDA?<\/p>\n\n\n\n<p>A Mart\u00ednez Neri no se le conoce mala voluntad ni desidia personal para enfrentar las fuertes problem\u00e1ticas en la capital del estado; mucho menos hay indicios de corrupci\u00f3n en su contra. De hecho, llega a muy temprana hora a sus labores cotidianas.<\/p>\n\n\n\n<p>Sin embargo, es su equipo de trabajo el que ha fallado en m\u00faltiples ocasiones en las principales \u00e1reas, como son gobernabilidad, seguridad, obra p\u00fablica y servicios municipales.<\/p>\n\n\n\n<p>Eso s\u00ed, tampoco ha logrado control del Cabildo, donde incluso hay morenistas que se contravienen las pol\u00edticas institucionales; los priistas, aparentemente controlados, pues pr\u00e1cticamente no ejercen su oposici\u00f3n en ese cuerpo edilicio.<\/p>\n\n\n\n<p>La falla principal est\u00e1 en la Secretar\u00eda de Gobierno, que encabeza Felipe Canseco Ruiz y quien ha metido en m\u00faltiples problemas al mandatario municipal.<\/p>\n\n\n\n<p>Los m\u00e1s recientes: cobijar con lideresas ambulantes del PRI las decisiones del gobierno municipal, como son Yolanda Ortega y Carmela Luj\u00e1n, cuando se supone que es un gobierno morenista y de izquierda.<\/p>\n\n\n\n<p>No ha podido atender ni controlar las manifestaciones cotidianas de ind\u00edgenas triquis, que exigen un espacio para vender sus productos; pero eso s\u00ed, a las organizaciones sociales que estaban en el z\u00f3calo y en el Palacio de Gobierno, les ha dado espacios de privilegio en el Centro Hist\u00f3rico.<\/p>\n\n\n\n<p>Su personal est\u00e1 involucrado en el megarrobo de veh\u00edculos pero Canseco los ha cobijado, para evitar ser se\u00f1alado. Y el PRI con Javier Villaca\u00f1a sigue retomando el control de colonos, a falta de operatividad desde la Secretar\u00eda de Gobierno.<\/p>\n\n\n\n<p>\u00bfQu\u00e9 decir de la seguridad? Feminicidios, asaltos a la luz del d\u00eda, asesinatos hasta en el centro de la capital, mientras Ra\u00fal \u00c1vila Ibarra opta por recorrer los parques con la regidora de Seguridad.<\/p>\n\n\n\n<p>Obras p\u00fablicas no hay relevantes, salvo el cambio del piso de cantera a una parte de la Alameda de Le\u00f3n; las agencias y colonias siguen en el abandono y en cualquier momento resurgir\u00e1n las protestas.<\/p>\n\n\n\n<p>Y para rematar, la divisi\u00f3n en el gobierno municipal se acrecienta, ahora con la disputa electoral entre Claudia Sheibaum y Marcelo Ebrard; muchos funcionarios municipales est\u00e1n m\u00e1s preocupados por figurar pol\u00edticamente e impulsar sus grupos y campa\u00f1as, con miras a los procesos comiciales del pr\u00f3ximo a\u00f1o. Y pues as\u00ed, nada m\u00e1s no se puede tener un buen gobierno.<\/p>\n","protected":false},"excerpt":{"rendered":"<p>Ismael Garc\u00eda M.\/Zona Roja. Oaxaca de Ju\u00e1rez, Oax., a 3 de julio de 2023.- El&hellip;<\/p>\n","protected":false},"author":2,"featured_media":41735,"comment_status":"closed","ping_status":"open","sticky":false,"template":"","format":"standard","meta":{"_lmt_disableupdate":"","_lmt_disable":"","_jetpack_memberships_contains_paid_content":false,"footnotes":""},"categories":[456,109,48],"tags":[1353],"class_list":["post-57113","post","type-post","status-publish","format-standard","has-post-thumbnail","hentry","category-columna","category-minuto-a-minuto","category-zona-critica","tag-opinion-zona-critica"],"jetpack_featured_media_url":"https:\/\/zonaroja.com.mx\/wp-content\/uploads\/2022\/05\/Opinion-Ismael-Garcia-M.jpg","jetpack_sharing_enabled":true,"_links":{"self":[{"href":"https:\/\/zonaroja.com.mx\/index.php?rest_route=\/wp\/v2\/posts\/57113","targetHints":{"allow":["GET"]}}],"collection":[{"href":"https:\/\/zonaroja.com.mx\/index.php?rest_route=\/wp\/v2\/posts"}],"about":[{"href":"https:\/\/zonaroja.com.mx\/index.php?rest_route=\/wp\/v2\/types\/post"}],"author":[{"embeddable":true,"href":"https:\/\/zonaroja.com.mx\/index.php?rest_route=\/wp\/v2\/users\/2"}],"replies":[{"embeddable":true,"href":"https:\/\/zonaroja.com.mx\/index.php?rest_route=%2Fwp%2Fv2%2Fcomments&post=57113"}],"version-history":[{"count":4,"href":"https:\/\/zonaroja.com.mx\/index.php?rest_route=\/wp\/v2\/posts\/57113\/revisions"}],"predecessor-version":[{"id":57119,"href":"https:\/\/zonaroja.com.mx\/index.php?rest_route=\/wp\/v2\/posts\/57113\/revisions\/57119"}],"wp:featuredmedia":[{"embeddable":true,"href":"https:\/\/zonaroja.com.mx\/index.php?rest_route=\/wp\/v2\/media\/41735"}],"wp:attachment":[{"href":"https:\/\/zonaroja.com.mx\/index.php?rest_route=%2Fwp%2Fv2%2Fmedia&parent=57113"}],"wp:term":[{"taxonomy":"category","embeddable":true,"href":"https:\/\/zonaroja.com.mx\/index.php?rest_route=%2Fwp%2Fv2%2Fcategories&post=57113"},{"taxonomy":"post_tag","embeddable":true,"href":"https:\/\/zonaroja.com.mx\/index.php?rest_route=%2Fwp%2Fv2%2Ftags&post=57113"}],"curies":[{"name":"wp","href":"https:\/\/api.w.org\/{rel}","templated":true}]}}