{"id":57125,"date":"2023-07-03T15:19:00","date_gmt":"2023-07-03T20:19:00","guid":{"rendered":"http:\/\/www.zonaroja.com.mx\/?p=57125"},"modified":"2023-07-03T08:20:53","modified_gmt":"2023-07-03T13:20:53","slug":"al-colapso-juzgados-familiares-en-oaxaca-por-incremento-de-denuncias","status":"publish","type":"post","link":"https:\/\/zonaroja.com.mx\/?p=57125","title":{"rendered":"Al colapso juzgados familiares en Oaxaca, por incremento de denuncias"},"content":{"rendered":"\n<p>Yuridiana Sosa\/Zona Roja<\/p>\n\n\n\n<p>Oaxaca de Ju\u00e1rez, Oax.,a 2 de julio de 2023.- El presidente del Tribunal Superior de Justicia de Oaxaca, Eduardo Pinacho S\u00e1nchez, reconoci\u00f3 un colapso en los juzgados en materia de lo familiar en la entidad.<\/p>\n\n\n\n<p>Aunque no precis\u00f3 cu\u00e1les son los principales problemas que han llevado a un incremento exponencial de casos, ante la diversidad de asuntos que se atraen, apunt\u00f3 que los conflictos familiares son un tema que compete desde el n\u00facleo familiar, escuela, instituciones y sociedad.<\/p>\n\n\n\n<p>En ese sentido, consider\u00f3 importante realizar una evaluaci\u00f3n de los tipos de casos para determinar con precisi\u00f3n cu\u00e1les son los problemas o causas que han llevado a la saturaci\u00f3n de esa \u00e1rea.<\/p>\n\n\n\n<p>El titular del Poder Judicial se\u00f1al\u00f3 que actualmente los Juzgados Familiares son los de mayor demanda en comparaci\u00f3n a los de materia penal y civil, cuyas \u00e1reas eran las m\u00e1s saturadas hace unos 30 a\u00f1os.<\/p>\n\n\n\n<p>LABORATORIO DE GEN\u00c9TICA<\/p>\n\n\n\n<p>Por otra parte, el presidente del Tribunal resalt\u00f3 la importante labor que realiza el Laboratorio de Gen\u00e9tica Molecular para abatir el rezago de juicios de paternidad, mismos que con esta herramienta se pueden tener resultados en un mes.<\/p>\n\n\n\n<p>&nbsp;Este tipo de casos, dijo, antes llevaba hasta cuatro a\u00f1os en resolverse, lo que llev\u00f3 a esta instituci\u00f3n a tener un atraso de 400 expedientes de juicios en esta materia, pero ahora la justicia para los menores de edad, a los que se les niega la paternidad o de una identidad certera llegar\u00e1 en menor tiempo.<\/p>\n\n\n\n<p>Pinacho S\u00e1nchez conf\u00eda en que el rezago se resolver\u00e1 en el transcurso de un a\u00f1o, aproximadamente.<\/p>\n\n\n\n<figure class=\"wp-block-embed is-type-rich is-provider-twitter wp-block-embed-twitter\"><div class=\"wp-block-embed__wrapper\">\n<div class=\"twitter-tweet\"><blockquote class=\"twitter-tweet\" data-lang=\"es\"><p lang=\"es\" dir=\"ltr\">En reciente entrevista colectiva, el titular del Poder Judicial de Oaxaca (<a href=\"https:\/\/twitter.com\/tsjoaxaca?ref_src=twsrc%5Etfw\">@tsjoaxaca<\/a>), Eduardo Pinacho S\u00e1nchez, habl\u00f3 sobre el crecimiento exponencial de casos de violencia familiar que atienden los juzgados. Habl\u00f3 adem\u00e1s de las labores que realiza el Laboratorio de Gen\u00e9tica\u2026 <a href=\"https:\/\/t.co\/xN4lDqwwmW\">pic.twitter.com\/xN4lDqwwmW<\/a><\/p>&mdash; Zona Roja Oaxaca (@ZonaRoja_Oaxaca) <a href=\"https:\/\/twitter.com\/ZonaRoja_Oaxaca\/status\/1675587467054059520?ref_src=twsrc%5Etfw\">2 de julio de 2023<\/a><\/blockquote><\/div>\n<\/div><\/figure>\n","protected":false},"excerpt":{"rendered":"<p>Yuridiana Sosa\/Zona Roja Oaxaca de Ju\u00e1rez, Oax.,a 2 de julio de 2023.- El presidente del&hellip;<\/p>\n","protected":false},"author":2,"featured_media":57126,"comment_status":"closed","ping_status":"open","sticky":false,"template":"","format":"standard","meta":{"_lmt_disableupdate":"","_lmt_disable":"","_jetpack_memberships_contains_paid_content":false,"footnotes":""},"categories":[109,46],"tags":[223],"class_list":["post-57125","post","type-post","status-publish","format-standard","has-post-thumbnail","hentry","category-minuto-a-minuto","category-zona-blanca","tag-poder-judicial-de-oaxaca"],"jetpack_featured_media_url":"https:\/\/zonaroja.com.mx\/wp-content\/uploads\/2023\/07\/Eduardo-Pinacho-Sanchez-Poder-Judicial.jpg","jetpack_sharing_enabled":true,"_links":{"self":[{"href":"https:\/\/zonaroja.com.mx\/index.php?rest_route=\/wp\/v2\/posts\/57125","targetHints":{"allow":["GET"]}}],"collection":[{"href":"https:\/\/zonaroja.com.mx\/index.php?rest_route=\/wp\/v2\/posts"}],"about":[{"href":"https:\/\/zonaroja.com.mx\/index.php?rest_route=\/wp\/v2\/types\/post"}],"author":[{"embeddable":true,"href":"https:\/\/zonaroja.com.mx\/index.php?rest_route=\/wp\/v2\/users\/2"}],"replies":[{"embeddable":true,"href":"https:\/\/zonaroja.com.mx\/index.php?rest_route=%2Fwp%2Fv2%2Fcomments&post=57125"}],"version-history":[{"count":1,"href":"https:\/\/zonaroja.com.mx\/index.php?rest_route=\/wp\/v2\/posts\/57125\/revisions"}],"predecessor-version":[{"id":57127,"href":"https:\/\/zonaroja.com.mx\/index.php?rest_route=\/wp\/v2\/posts\/57125\/revisions\/57127"}],"wp:featuredmedia":[{"embeddable":true,"href":"https:\/\/zonaroja.com.mx\/index.php?rest_route=\/wp\/v2\/media\/57126"}],"wp:attachment":[{"href":"https:\/\/zonaroja.com.mx\/index.php?rest_route=%2Fwp%2Fv2%2Fmedia&parent=57125"}],"wp:term":[{"taxonomy":"category","embeddable":true,"href":"https:\/\/zonaroja.com.mx\/index.php?rest_route=%2Fwp%2Fv2%2Fcategories&post=57125"},{"taxonomy":"post_tag","embeddable":true,"href":"https:\/\/zonaroja.com.mx\/index.php?rest_route=%2Fwp%2Fv2%2Ftags&post=57125"}],"curies":[{"name":"wp","href":"https:\/\/api.w.org\/{rel}","templated":true}]}}