{"id":57131,"date":"2023-07-03T16:24:00","date_gmt":"2023-07-03T21:24:00","guid":{"rendered":"http:\/\/www.zonaroja.com.mx\/?p=57131"},"modified":"2023-07-03T08:25:38","modified_gmt":"2023-07-03T13:25:38","slug":"opinion-y-sin-embargo-el-sur-resiste-x","status":"publish","type":"post","link":"https:\/\/zonaroja.com.mx\/?p=57131","title":{"rendered":"Opini\u00f3n. Y sin embargo, el sur resiste X"},"content":{"rendered":"\n<p>Diego Enrique Osorno*<\/p>\n\n\n\n<p>Una operaci\u00f3n de despojo est\u00e1 en marcha en el sur de M\u00e9xico. Para llevarla a cabo, uno de los objetivos es combatir la ancestralidad y comunalidad de los pueblos originarios a trav\u00e9s de su conceptualizaci\u00f3n de la Madre Tierra: Quitarle su valor simb\u00f3lico, espiritual y tradicional para convertir el territorio en una mercanc\u00eda m\u00e1s. As\u00ed los \u00e1rboles pueden ser arrancados, las ra\u00edces y el agua envenenados, el aire intoxicado y la vida cotidiana un asunto de compraventa.<\/p>\n\n\n\n<p>La anterior es una de las reflexiones finales que surgieron en el \u00faltimo d\u00eda del encuentro internacional celebrado en San Crist\u00f3bal de las Casas, Chiapas, al final de la Caravana que recorri\u00f3 el sur de M\u00e9xico para documentar, denunciar y buscar organizar la resistencia a los megaproyectos oficiales del Corredor Interoce\u00e1nico y el Tren Maya.<\/p>\n\n\n\n<p>En el pronunciamiento final elaborado, el cual puede consultarse \u00edntegro en www.elsurresiste.org, las organizaciones y colectivos participantes repasaron tambi\u00e9n otras observaciones caravanistas, como la extinci\u00f3n ya de comunidades enteras como El Bosque, devorada por el mar, a causa de la crisis clim\u00e1tica; la penetraci\u00f3n comunitaria de una cultura de violencia vinculada al narcotr\u00e1fico, la extorsi\u00f3n y la trata, as\u00ed como tambi\u00e9n el dram\u00e1tico aumento de los feminicidios y la represi\u00f3n contra defensores, activistas, periodistas y toda persona cr\u00edtica a los megaproyectos de la regi\u00f3n.<\/p>\n\n\n\n<p>\u201cComprobamos la sistem\u00e1tica violaci\u00f3n de los derechos de los pueblos ind\u00edgenas y particularmente el derecho a la autodeterminaci\u00f3n y a la autonom\u00eda, cuyo ejercicio resulta imprescindible para reconstruir desde nuestras ra\u00edces culturales ancestrales una vida libre y digna basada en la comunalidad desde la toma de decisiones en asambleas, con respeto pleno a las mujeres, a las otras, a las juventudes, la ni\u00f1ez y a las personas mayores y en armon\u00eda con la naturaleza\u201d.&nbsp;<\/p>\n\n\n\n<p>***<\/p>\n\n\n\n<p>\u201cEn contraste con todas estas calamidades\u201d, dice otro apartado del documento, se resalta que la caravana encontr\u00f3 semillas nativas protegidas por las comunidades campesinas, m\u00fasica rebelde, una selva todav\u00eda majestuosa, aves, agua cristalina, aire limpio y pueblos y ciudades que pelean por la autonom\u00eda y&nbsp;la colectividad.<\/p>\n\n\n\n<p>\u201cReconocimos que a\u00fan en medio de toda la destrucci\u00f3n de los capitalistas son muchos los logros que vamos cosechando: lo primero y m\u00e1s importante es que despu\u00e9s de 500 a\u00f1os de intento de exterminarnos, aqu\u00ed seguimos: la organizaci\u00f3n desde lo comunitario contra el despojo, de igual manera las tierras recuperadas en diferentes pueblos, la lucha de las mujeres por el reconocimiento y ejercicio de sus derechos, la lucha por el agua, la liberaci\u00f3n de presos pol\u00edticos, la reubicaci\u00f3n de las estaciones del tren en M\u00e9rida y Campeche, el establecimiento de zonas libres de proyectos extractivos, la conservaci\u00f3n de las lenguas y las fiestas tradicionales y la construcci\u00f3n de autonom\u00edas\u201d.<\/p>\n\n\n\n<p>***<\/p>\n\n\n\n<p>Algunas de las denuncias puntuales que se se\u00f1alan:<\/p>\n\n\n\n<p>\u2014La cancelaci\u00f3n inmediata de los trabajos \u201cdel tren mal llamado maya\u201d, en especial la construcci\u00f3n ilegal del tramo 7, la instalaci\u00f3n del casino militar y el desarrollo tur\u00edstico en&nbsp; la comunidad de Xpujil, ya que a pesar de la suspensi\u00f3n definitiva otorgada por un juez federal, la Secretar\u00eda de la Defensa Nacional (Sedena)&nbsp;sigue su construcci\u00f3n en desacato de la orden federal.<\/p>\n\n\n\n<p>\u2014Cese de la presi\u00f3n de la Procuradur\u00eda Agraria a las comunidades y ejidos para convertir las tierras de propiedad social a dominio pleno acabando con las tierras colectivas de las comunidades ind\u00edgenas del pa\u00eds.<\/p>\n\n\n\n<p>\u2014Reubicaci\u00f3n urgente de la comunidad El Bosque en el municipio de Centla, Tabasco, quienes son desplazados ambientales v\u00edctimas del calentamiento global \u201cproducido por el sistema extractivista voraz que contin\u00faa depredando y deforestando&nbsp;los territorios\u201d.<\/p>\n\n\n\n<p>\u2014El violento desalojo del campamento Tierra y Libertad, perpetrado por la Marina y la polic\u00eda estatal el 28 de abril, un d\u00eda despu\u00e9s del paso de la caravana, por lo que exigen al gobierno de Oaxaca y al gobierno federal cesar el hostigamiento contra los defensores de la tierra y del territorio de la comunidad de Puente Madera, San Blas Atempa, as\u00ed como la absoluci\u00f3n de David Salazar, ya vinculado a proceso.&nbsp;<\/p>\n\n\n\n<p>\u2014La cancelaci\u00f3n de la orden de desalojo de la comunidad de Emiliano Zapata III, municipio de Candelaria, Campeche, ordenada por juez civil de primera instancia del estado, as\u00ed como la cancelaci\u00f3n de las \u00f3rdenes de aprehensi\u00f3n en contra de los miembros de la comunidad.&nbsp;<\/p>\n\n\n\n<p>\u2014En el caso del ejido de Tila, Chiapas, la ejecuci\u00f3n de la sentencia del Registro Agrario Nacional, favorable a la recuperaci\u00f3n de las 130 hect\u00e1reas que les ha arrebatado el municipio.&nbsp;<\/p>\n\n\n\n<p>\u2014Otras de las consignas del pronunciamiento son por la libertad de los presos pol\u00edticos de la Voz del Amate, Fidencio Aldama; de Eloxochitlan de Flores Mag\u00f3n, Oaxaca; y del zapatista de base, Manuel G\u00f3mez V\u00e1zquez; y por la revocaci\u00f3n de la sentencia de 50 a\u00f1os en contra de Miguel Peralta Betancourt, de Eloxochitlan.<\/p>\n\n\n\n<p>\u2014La presentaci\u00f3n con vida del comunero Antonio&nbsp;D\u00edaz Valencia y el abogado Ricardo Lagunes Gasca, desaparecidos por un conflicto de la comunidad de Aquila, Michoac\u00e1n, con la minera canadiense Ternium.&nbsp;<\/p>\n\n\n\n<p>***<\/p>\n\n\n\n<p>El pronunciamiento concluye finalmente as\u00ed: \u201cAfirmamos fuerte y claro y desde nuestros corazones que luchan y se organizan, que seguiremos encontr\u00e1ndonos y articul\u00e1ndolos con otras luchas en todo el mundo.&nbsp;Ni con la Guardia Nacional, ni con la Marina, ni con el Ej\u00e9rcito, nos detendr\u00e1n. Mientras ustedes destruyen, nosotras y nosotros construimos\u201d.&nbsp;<\/p>\n\n\n\n<p>(Fin)<\/p>\n\n\n\n<p>*Escritor y periodista.<\/p>\n\n\n\n<p>@DiegoEOsorno<\/p>\n","protected":false},"excerpt":{"rendered":"<p>Diego Enrique Osorno* Una operaci\u00f3n de despojo est\u00e1 en marcha en el sur de M\u00e9xico.&hellip;<\/p>\n","protected":false},"author":2,"featured_media":48560,"comment_status":"closed","ping_status":"open","sticky":false,"template":"","format":"standard","meta":{"_lmt_disableupdate":"","_lmt_disable":"","_jetpack_memberships_contains_paid_content":false,"footnotes":""},"categories":[456,109],"tags":[3020],"class_list":["post-57131","post","type-post","status-publish","format-standard","has-post-thumbnail","hentry","category-columna","category-minuto-a-minuto","tag-diego-enrique-osorno"],"jetpack_featured_media_url":"https:\/\/zonaroja.com.mx\/wp-content\/uploads\/2022\/11\/Diego-Enrique-Osorno.jpeg","jetpack_sharing_enabled":true,"_links":{"self":[{"href":"https:\/\/zonaroja.com.mx\/index.php?rest_route=\/wp\/v2\/posts\/57131","targetHints":{"allow":["GET"]}}],"collection":[{"href":"https:\/\/zonaroja.com.mx\/index.php?rest_route=\/wp\/v2\/posts"}],"about":[{"href":"https:\/\/zonaroja.com.mx\/index.php?rest_route=\/wp\/v2\/types\/post"}],"author":[{"embeddable":true,"href":"https:\/\/zonaroja.com.mx\/index.php?rest_route=\/wp\/v2\/users\/2"}],"replies":[{"embeddable":true,"href":"https:\/\/zonaroja.com.mx\/index.php?rest_route=%2Fwp%2Fv2%2Fcomments&post=57131"}],"version-history":[{"count":1,"href":"https:\/\/zonaroja.com.mx\/index.php?rest_route=\/wp\/v2\/posts\/57131\/revisions"}],"predecessor-version":[{"id":57132,"href":"https:\/\/zonaroja.com.mx\/index.php?rest_route=\/wp\/v2\/posts\/57131\/revisions\/57132"}],"wp:featuredmedia":[{"embeddable":true,"href":"https:\/\/zonaroja.com.mx\/index.php?rest_route=\/wp\/v2\/media\/48560"}],"wp:attachment":[{"href":"https:\/\/zonaroja.com.mx\/index.php?rest_route=%2Fwp%2Fv2%2Fmedia&parent=57131"}],"wp:term":[{"taxonomy":"category","embeddable":true,"href":"https:\/\/zonaroja.com.mx\/index.php?rest_route=%2Fwp%2Fv2%2Fcategories&post=57131"},{"taxonomy":"post_tag","embeddable":true,"href":"https:\/\/zonaroja.com.mx\/index.php?rest_route=%2Fwp%2Fv2%2Ftags&post=57131"}],"curies":[{"name":"wp","href":"https:\/\/api.w.org\/{rel}","templated":true}]}}