{"id":57137,"date":"2023-07-03T08:59:50","date_gmt":"2023-07-03T13:59:50","guid":{"rendered":"http:\/\/www.zonaroja.com.mx\/?p=57137"},"modified":"2023-07-03T08:59:52","modified_gmt":"2023-07-03T13:59:52","slug":"mujeres-afro-piden-justicia-por-joven-baleado-en-tututepec-oaxaca","status":"publish","type":"post","link":"https:\/\/zonaroja.com.mx\/?p=57137","title":{"rendered":"Mujeres afro piden justicia por joven baleado en Tututepec, Oaxaca"},"content":{"rendered":"\n<p>Redacci\u00f3n\/Zona Roja.<\/p>\n\n\n\n<p>Oaxaca de Ju\u00e1rez, Oax., a 3 de julio de 2023.- La asociaci\u00f3n civil Mujeres Ind\u00edgenas y Afros Unidas por el Bien de la Costa de Oaxaca (Miuco) demandaron castigo ejemplar en contra de quien atent\u00f3 contra la vida de un joven, hijo de la dirigente de esa agrupaci\u00f3n.<\/p>\n\n\n\n<p>Fue el pasado viernes 30 de junio en la comunidad de Santa Rosa de Lima, Villa de Tututepec, aproximadamente a las 18:00 horas, en que fue atacado a balazos Jos\u00e9 Armando Gonz\u00e1lez Santos, quien adem\u00e1s es trabajador ayuntamiento.<\/p>\n\n\n\n<p>Seg\u00fan un comunicado que dieron a conocer, el agresor est\u00e1 plenamente identificado y responde al nombre de Diego E. P., mismo que ya se encuentra detenido por la autoridad.<\/p>\n\n\n\n<p>\u201cA esta hora nuestro compa\u00f1ero Jos\u00e9 Armando Gonz\u00e1lez Santos, quien adem\u00e1s es hijo de nuestra l\u00edder y dirigente Alicia Santos, se debate entre la vida y la muerte con un grave diagn\u00f3stico: trauma facial m\u00faltiple PAF con edema de v\u00eda a\u00e9rea con traqueotom\u00eda.&nbsp;<\/p>\n\n\n\n<p>\u201cLa familia y sus compa\u00f1eros de lucha organizados en Miuco, exigimos el inmediato esclarecimiento y se sigan todas las l\u00edneas de investigaci\u00f3n para determinar si este sujeto actu\u00f3 solo, bajo qu\u00e9 causas y si hay alguien detr\u00e1s de este cobarde ataque a nuestro compa\u00f1ero\u201d, se\u00f1al\u00f3 la agrupaci\u00f3n.<\/p>\n\n\n\n<p>\u201cElevamos nuestra m\u00e1s en\u00e9rgica protesta ante el tr\u00e1gico acontecimiento, esperando que la ley se aplique con todo rigor contra el responsable material del hecho y se investigue la probable autor\u00eda intelectual castigando a los responsables. Este hecho de violencia criminal no puede ni debe quedar impune, ni ser tema de indiferencia ante las autoridades de procuraci\u00f3n de justicia\u201d, apunt\u00f3.<\/p>\n","protected":false},"excerpt":{"rendered":"<p>Redacci\u00f3n\/Zona Roja. Oaxaca de Ju\u00e1rez, Oax., a 3 de julio de 2023.- La asociaci\u00f3n civil&hellip;<\/p>\n","protected":false},"author":2,"featured_media":57139,"comment_status":"closed","ping_status":"open","sticky":false,"template":"","format":"standard","meta":{"_lmt_disableupdate":"","_lmt_disable":"","_jetpack_memberships_contains_paid_content":false,"footnotes":""},"categories":[109,47],"tags":[1203],"class_list":["post-57137","post","type-post","status-publish","format-standard","has-post-thumbnail","hentry","category-minuto-a-minuto","category-zona-gris","tag-villa-de-tututepec"],"jetpack_featured_media_url":"https:\/\/zonaroja.com.mx\/wp-content\/uploads\/2023\/07\/Joven-baleado-en-Tututepec-MIUCO.jpg","jetpack_sharing_enabled":true,"_links":{"self":[{"href":"https:\/\/zonaroja.com.mx\/index.php?rest_route=\/wp\/v2\/posts\/57137","targetHints":{"allow":["GET"]}}],"collection":[{"href":"https:\/\/zonaroja.com.mx\/index.php?rest_route=\/wp\/v2\/posts"}],"about":[{"href":"https:\/\/zonaroja.com.mx\/index.php?rest_route=\/wp\/v2\/types\/post"}],"author":[{"embeddable":true,"href":"https:\/\/zonaroja.com.mx\/index.php?rest_route=\/wp\/v2\/users\/2"}],"replies":[{"embeddable":true,"href":"https:\/\/zonaroja.com.mx\/index.php?rest_route=%2Fwp%2Fv2%2Fcomments&post=57137"}],"version-history":[{"count":1,"href":"https:\/\/zonaroja.com.mx\/index.php?rest_route=\/wp\/v2\/posts\/57137\/revisions"}],"predecessor-version":[{"id":57140,"href":"https:\/\/zonaroja.com.mx\/index.php?rest_route=\/wp\/v2\/posts\/57137\/revisions\/57140"}],"wp:featuredmedia":[{"embeddable":true,"href":"https:\/\/zonaroja.com.mx\/index.php?rest_route=\/wp\/v2\/media\/57139"}],"wp:attachment":[{"href":"https:\/\/zonaroja.com.mx\/index.php?rest_route=%2Fwp%2Fv2%2Fmedia&parent=57137"}],"wp:term":[{"taxonomy":"category","embeddable":true,"href":"https:\/\/zonaroja.com.mx\/index.php?rest_route=%2Fwp%2Fv2%2Fcategories&post=57137"},{"taxonomy":"post_tag","embeddable":true,"href":"https:\/\/zonaroja.com.mx\/index.php?rest_route=%2Fwp%2Fv2%2Ftags&post=57137"}],"curies":[{"name":"wp","href":"https:\/\/api.w.org\/{rel}","templated":true}]}}