{"id":57143,"date":"2023-07-03T17:57:19","date_gmt":"2023-07-03T22:57:19","guid":{"rendered":"http:\/\/www.zonaroja.com.mx\/?p=57143"},"modified":"2023-07-03T18:01:45","modified_gmt":"2023-07-03T23:01:45","slug":"denuncian-deuda-de-seis-meses-a-docentes-y-hasta-perdidas-del-acervo-en-taller-rufino-tamayo","status":"publish","type":"post","link":"https:\/\/zonaroja.com.mx\/?p=57143","title":{"rendered":"Denuncian deuda de seis meses a docentes y hasta p\u00e9rdidas del acervo en taller \u201cRufino Tamayo\u201d"},"content":{"rendered":"\n<p>Yuridiana Sosa\/Zona Roja.<\/p>\n\n\n\n<p>Oaxaca de Ju\u00e1rez, Oax., a 3 de julio de 2023.- Docentes y alumnos del Taller de Artes Pl\u00e1sticas \u201cRufino Tamayo\u201d de Oaxaca denunciaron deficientes condiciones en las que laboran, que va desde la falta de un espacio propio, insumos, pagos, hasta la p\u00e9rdida de herramientas hist\u00f3ricas que forman parte del acervo cultural.<\/p>\n\n\n\n<p>Entre los da\u00f1os culturales a este importante taller, de 50 a\u00f1os de antig\u00fcedad, se cuenta con el \u201cextrav\u00edo\u201d de una prensa donada por un artista y que data de la \u00e9poca de la Segunda Guerra Mundial, misma que presuntamente qued\u00f3 en bodega tras en uno de los cambios de sede, de instalaciones de avenida Ju\u00e1rez a San Felipe del Agua, pues ya no se devolvi\u00f3 al taller, por lo que exigieron su devoluci\u00f3n.<\/p>\n\n\n\n<p>Afectaciones como estas son las que se generan a partir de que el taller no cuenta con instalaciones propias, y recientemente volvieron a cambiar de sede, ahora ubicado en el inmueble conocido como \u201cAlh\u00f3ndiga\u201d, en la primera calle de Aldama, en el centro de la ciudad.<\/p>\n\n\n\n<p>Casados de esta situaci\u00f3n, al no tener certeza sobre su estancia, los integrantes del taller de artes gr\u00e1ficas, de base, comunitarios y permanentes, entre otros, se manifestaron para exigir a la Secretar\u00eda de las Culturas, que encabeza V\u00edctor Cata, la mejora de las condiciones labores, iniciando con el pago de seis meses de trabajo que les adeudan.<\/p>\n\n\n\n<figure class=\"wp-block-embed is-type-rich is-provider-twitter wp-block-embed-twitter\"><div class=\"wp-block-embed__wrapper\">\n<div class=\"twitter-tweet\"><blockquote class=\"twitter-tweet\" data-lang=\"es\"><p lang=\"es\" dir=\"ltr\"><a href=\"https:\/\/twitter.com\/hashtag\/%C3%9AltimoMinuto?src=hash&amp;ref_src=twsrc%5Etfw\">#\u00daltimoMinuto<\/a><br>Trabajadores docentes del Taller de Artes Pl\u00e1sticas \u201cRufino Tamayo\u201d de Oaxaca denuncian que la <a href=\"https:\/\/twitter.com\/SECULTA_GobOax?ref_src=twsrc%5Etfw\">@SECULTA_GobOax<\/a> les adeudan seis meses de salario. <br>Adem\u00e1s, desd\u00e9n del secretario V\u00edctor Cata para atender la problem\u00e1tica; asimismo, s\u00f3lo les ofrecen contratos leoninos,\u2026 <a href=\"https:\/\/t.co\/Dcuka6J1Rq\">pic.twitter.com\/Dcuka6J1Rq<\/a><\/p>&mdash; Zona Roja Oaxaca (@ZonaRoja_Oaxaca) <a href=\"https:\/\/twitter.com\/ZonaRoja_Oaxaca\/status\/1675927480979300363?ref_src=twsrc%5Etfw\">3 de julio de 2023<\/a><\/blockquote><\/div>\n<\/div><\/figure>\n\n\n\n<p>\u201cNuca hab\u00edamos tenido tanto problemas como hasta ahora, donde el taller cay\u00f3 en manos de inexpertos\u201d, se\u00f1alaron los afectados, quienes a su vez denunciaron abusos de la autoridad con la realizaci\u00f3n de contratos leoninos, sin ninguna garant\u00eda a su favor, como es la prestaci\u00f3n de seguridad social.<\/p>\n\n\n\n<p>En su pliego de demandas exigen la mejora de las cl\u00e1usulas para su labor y tratos m\u00e1s igualitarios, pues s\u00f3lo 12 trabajadores de base cuentan con todas las prestaciones, mientras que unos 28 est\u00e1n desprotegidos y con salarios que apenas llegan a los seis mil pesos.<\/p>\n\n\n\n<p>Para la instituci\u00f3n exigieron un presupuesto, y el cual debe cubrir con todas las necesidades, pues a veces los maestros gestionan donaciones para conseguir material que les hace falta, como tintas, rodillos, entre otros insumos b\u00e1sicos.<\/p>\n\n\n\n<p>Tanto es el descuido de la actual administraci\u00f3n por el arte y la cultura, que el horno para cer\u00e1mica, de un valor aproximado a los 250 mil pesos, no ha sido instalado desde enero que llegaron a las nuevas instalaciones, quedando a la intemperie y sufriendo da\u00f1os.<\/p>\n\n\n\n<p>Pese a estas deficiencias, el secretario de Cultura de Oaxaca, V\u00edctor Cata, no ha atendido la problem\u00e1tica de este taller, el cual est\u00e1 a cargo de Enrique Gij\u00f3n, quien tampoco da soluci\u00f3n; pero, adem\u00e1s, su desatenci\u00f3n crece al recibir otro cargo en el Museo de Arte Contempor\u00e1neo de Oaxaca.<\/p>\n","protected":false},"excerpt":{"rendered":"<p>Yuridiana Sosa\/Zona Roja. Oaxaca de Ju\u00e1rez, Oax., a 3 de julio de 2023.- Docentes y&hellip;<\/p>\n","protected":false},"author":2,"featured_media":57149,"comment_status":"closed","ping_status":"open","sticky":false,"template":"","format":"standard","meta":{"_lmt_disableupdate":"","_lmt_disable":"","_jetpack_memberships_contains_paid_content":false,"footnotes":""},"categories":[109,47],"tags":[3368],"class_list":["post-57143","post","type-post","status-publish","format-standard","has-post-thumbnail","hentry","category-minuto-a-minuto","category-zona-gris","tag-secretaria-de-las-culturas-seculta"],"jetpack_featured_media_url":"https:\/\/zonaroja.com.mx\/wp-content\/uploads\/2023\/07\/Conferencia-de-prensa-trabajadores-taller-Rufino-Tamayo-1.jpg","jetpack_sharing_enabled":true,"_links":{"self":[{"href":"https:\/\/zonaroja.com.mx\/index.php?rest_route=\/wp\/v2\/posts\/57143","targetHints":{"allow":["GET"]}}],"collection":[{"href":"https:\/\/zonaroja.com.mx\/index.php?rest_route=\/wp\/v2\/posts"}],"about":[{"href":"https:\/\/zonaroja.com.mx\/index.php?rest_route=\/wp\/v2\/types\/post"}],"author":[{"embeddable":true,"href":"https:\/\/zonaroja.com.mx\/index.php?rest_route=\/wp\/v2\/users\/2"}],"replies":[{"embeddable":true,"href":"https:\/\/zonaroja.com.mx\/index.php?rest_route=%2Fwp%2Fv2%2Fcomments&post=57143"}],"version-history":[{"count":1,"href":"https:\/\/zonaroja.com.mx\/index.php?rest_route=\/wp\/v2\/posts\/57143\/revisions"}],"predecessor-version":[{"id":57144,"href":"https:\/\/zonaroja.com.mx\/index.php?rest_route=\/wp\/v2\/posts\/57143\/revisions\/57144"}],"wp:featuredmedia":[{"embeddable":true,"href":"https:\/\/zonaroja.com.mx\/index.php?rest_route=\/wp\/v2\/media\/57149"}],"wp:attachment":[{"href":"https:\/\/zonaroja.com.mx\/index.php?rest_route=%2Fwp%2Fv2%2Fmedia&parent=57143"}],"wp:term":[{"taxonomy":"category","embeddable":true,"href":"https:\/\/zonaroja.com.mx\/index.php?rest_route=%2Fwp%2Fv2%2Fcategories&post=57143"},{"taxonomy":"post_tag","embeddable":true,"href":"https:\/\/zonaroja.com.mx\/index.php?rest_route=%2Fwp%2Fv2%2Ftags&post=57143"}],"curies":[{"name":"wp","href":"https:\/\/api.w.org\/{rel}","templated":true}]}}