{"id":57150,"date":"2023-07-03T20:36:01","date_gmt":"2023-07-04T01:36:01","guid":{"rendered":"http:\/\/www.zonaroja.com.mx\/?p=57150"},"modified":"2023-07-03T20:36:04","modified_gmt":"2023-07-04T01:36:04","slug":"a-punto-de-cumplir-una-semana-crisis-del-agua-en-juquila-y-nadie-atiende","status":"publish","type":"post","link":"https:\/\/zonaroja.com.mx\/?p=57150","title":{"rendered":"A punto de cumplir una semana crisis del agua en Juquila y nadie atiende"},"content":{"rendered":"\n<p>Yuridiana Sosa\/Zona Roja.<\/p>\n\n\n\n<p>Oaxaca de Ju\u00e1rez, Oax., a 3 de julio de 2023.- En la lucha por el agua en Santa Catarina Juquila, los gobiernos morenistas municipal y estatal solo han mostrado dilaci\u00f3n en la atenci\u00f3n y soluci\u00f3n, que ha dejado a miles de ciudadanos sin el vital l\u00edquido, al tiempo que se incrementa la discrepancia entre la poblaci\u00f3n.<\/p>\n\n\n\n<p>Los habitantes del barrio de San Nicol\u00e1s denunciaron que a cinco d\u00edas de quedarse sin agua, la autoridad municipal a cargo de Felipe Ju\u00e1rez Guzm\u00e1n se mantiene omisa y tolerante ante los actos ilegales que el barrio de Jes\u00fas ejecuta para extraer agua, por lo que demandaron una vez m\u00e1s la intervenci\u00f3n del gobierno de Salom\u00f3n Jara Cruz.<\/p>\n\n\n\n<p>Este mediod\u00eda, sostuvieron una reuni\u00f3n de trabajo con funcionarios de la Secretar\u00eda de Gobierno, donde obtuvieron el compromiso de intervenci\u00f3n estatal para agilizar la soluci\u00f3n.<\/p>\n\n\n\n<p>Seg\u00fan se\u00f1alaron, en complicidad con los integrantes del Comisariado de Bienes Comunales y Consejo de Vigilancia, el edil, autoriz\u00f3 a los habitantes del barrio de Jes\u00fas realizar trabajos de excavaci\u00f3n e instalaci\u00f3n de tuber\u00eda para agua potable en terrenos que son propiedad de un particular, sin solicitar el permiso correspondiente a los due\u00f1os del terreno.<\/p>\n\n\n\n<p>Los afectados tramitaron un juicio de amparo por los actos de la autoridad, el cual radica en el Juzgado Cuarto de Distrito, de San Bartolo Coyotepec bajo el expediente n\u00famero 631\/2023; otorg\u00e1ndose la suspensi\u00f3n de plano el 28 de junio de 2023.<\/p>\n\n\n\n<p>El amparo orden\u00f3 al edil el cese la ejecuci\u00f3n de la obra para la extracci\u00f3n del agua, si embargo, no ha cumplido.<\/p>\n\n\n\n<p>Los habitantes del barrio San Nicol\u00e1s apuntaron que el problema inici\u00f3 el pasado 26 de junio, cuando ciudadanos del Barrio de Jes\u00fas iniciaron actividades para la extracci\u00f3n del agua; llegaron hasta el tanque de almacenamiento de agua en el paraje \u201cLa Mora\u201d, propiedad de la familia Su\u00e1rez Rosete.<\/p>\n\n\n\n<p>El tanque de agua pertenece al barrio San Nicol\u00e1s, que por a\u00f1os ha sido el \u00fanico que ha dado mantenimiento y regula la distribuci\u00f3n del mismo para su pueblo y sus vecinos del Barrio de Jes\u00fas, sin embargo, los habitantes de esta \u00faltima poblaci\u00f3n llegaron al predio, portando armas de fuego de uso exclusivo del ej\u00e9rcito, machetes, picos, palas, de forma amenazante e intimidante al predio, para hacer excavaciones y empezar a tender la tuber\u00eda.<\/p>\n\n\n\n<p>Para esta obra no existen permisos ni de los particulares, municipales ni proyectos tramitados ante la Comisi\u00f3n Nacional del Agua o del Comisi\u00f3n Estatal del Agua para el Bienestar y pese a ello, le edil se escondi\u00f3 para dar una soluci\u00f3n, denunciaron.<\/p>\n\n\n\n<p>Ante la falta de autoridad y complicidades, los ciudadanos de San Nicol\u00e1s intentaron llegar a acuerdos con sus vecinos, pero estos no accedieron y decidieron cortar el suministro del agua; pese a esta afectaci\u00f3n, el edil Ju\u00e1rez Guzm\u00e1n sigui\u00f3 ap\u00e1tico, por lo que ahora esperan soluci\u00f3n del gobierno de Salom\u00f3n Jara.&nbsp;<\/p>\n","protected":false},"excerpt":{"rendered":"<p>Yuridiana Sosa\/Zona Roja. Oaxaca de Ju\u00e1rez, Oax., a 3 de julio de 2023.- En la&hellip;<\/p>\n","protected":false},"author":2,"featured_media":57152,"comment_status":"closed","ping_status":"open","sticky":false,"template":"","format":"standard","meta":{"_lmt_disableupdate":"","_lmt_disable":"","_jetpack_memberships_contains_paid_content":false,"footnotes":""},"categories":[109,47],"tags":[545],"class_list":["post-57150","post","type-post","status-publish","format-standard","has-post-thumbnail","hentry","category-minuto-a-minuto","category-zona-gris","tag-santa-catarina-juquila"],"jetpack_featured_media_url":"https:\/\/zonaroja.com.mx\/wp-content\/uploads\/2023\/07\/Caso-Juquila-problema-del-agua-1.jpg","jetpack_sharing_enabled":true,"_links":{"self":[{"href":"https:\/\/zonaroja.com.mx\/index.php?rest_route=\/wp\/v2\/posts\/57150","targetHints":{"allow":["GET"]}}],"collection":[{"href":"https:\/\/zonaroja.com.mx\/index.php?rest_route=\/wp\/v2\/posts"}],"about":[{"href":"https:\/\/zonaroja.com.mx\/index.php?rest_route=\/wp\/v2\/types\/post"}],"author":[{"embeddable":true,"href":"https:\/\/zonaroja.com.mx\/index.php?rest_route=\/wp\/v2\/users\/2"}],"replies":[{"embeddable":true,"href":"https:\/\/zonaroja.com.mx\/index.php?rest_route=%2Fwp%2Fv2%2Fcomments&post=57150"}],"version-history":[{"count":1,"href":"https:\/\/zonaroja.com.mx\/index.php?rest_route=\/wp\/v2\/posts\/57150\/revisions"}],"predecessor-version":[{"id":57153,"href":"https:\/\/zonaroja.com.mx\/index.php?rest_route=\/wp\/v2\/posts\/57150\/revisions\/57153"}],"wp:featuredmedia":[{"embeddable":true,"href":"https:\/\/zonaroja.com.mx\/index.php?rest_route=\/wp\/v2\/media\/57152"}],"wp:attachment":[{"href":"https:\/\/zonaroja.com.mx\/index.php?rest_route=%2Fwp%2Fv2%2Fmedia&parent=57150"}],"wp:term":[{"taxonomy":"category","embeddable":true,"href":"https:\/\/zonaroja.com.mx\/index.php?rest_route=%2Fwp%2Fv2%2Fcategories&post=57150"},{"taxonomy":"post_tag","embeddable":true,"href":"https:\/\/zonaroja.com.mx\/index.php?rest_route=%2Fwp%2Fv2%2Ftags&post=57150"}],"curies":[{"name":"wp","href":"https:\/\/api.w.org\/{rel}","templated":true}]}}