{"id":57160,"date":"2023-07-03T22:55:44","date_gmt":"2023-07-04T03:55:44","guid":{"rendered":"http:\/\/www.zonaroja.com.mx\/?p=57160"},"modified":"2023-07-03T22:55:46","modified_gmt":"2023-07-04T03:55:46","slug":"inicia-otra-semana-de-caos-en-oaxaca-con-multiples-protestas","status":"publish","type":"post","link":"https:\/\/zonaroja.com.mx\/?p=57160","title":{"rendered":"Inicia otra semana de caos en Oaxaca, con m\u00faltiples protestas"},"content":{"rendered":"\n<p>Yuridiana Sosa\/Zona Roja.<\/p>\n\n\n\n<p>Oaxaca de Ju\u00e1rez, Oax., a 3 de julio de 2023.- Las inconformidades contra gobierno estatal ante las diversas demandas desatendidas, causaron el inicio de otra semana de protestas, tanto en la capital como en el interior del estado.<\/p>\n\n\n\n<p>Frente a Palacio de Gobierno, en el z\u00f3calo de la ciudad, alumnos y padres de familia de la Universidad Regional del Sureste (Urse) demandaron la intervenci\u00f3n del gobernador Salom\u00f3n Jara frenar los actos irregulares que se realizan en esa instituci\u00f3n educativa contra alumnos de la Facultad de Medicina.<\/p>\n\n\n\n<p>Denunciaron que la Universidad se\u00f1ala a los Servicios de Salud de Oaxaca (SSO) como los responsables de limitar el n\u00famero de espacios y tiempo para que los estudiantes puedan realizar sus residencias en hospitales y \u00e1reas necesarias para su aprendizaje.<\/p>\n\n\n\n<p>La Urse se comprometi\u00f3 a cumplir con m\u00e1s de 100 espacios, por los que cobr\u00f3, pero no cumpli\u00f3.<\/p>\n\n\n\n<p>Por la tarde, los estudiantes bloquearon la calzada Porfirio D\u00edaz y vialidades aleda\u00f1as a la fuente de las Ocho Regiones de la ciudad de Oaxaca, para presionar al gobierno de Oaxaca a atender este caso.<\/p>\n\n\n\n<p>MASIVA JORNADA<\/p>\n\n\n\n<p>Un centenar de organizaciones sociales se uni\u00f3 para denunciar que sus demandas han sido ignoradas por el gobierno actual, qui\u00e9n se reserva el derecho de admisi\u00f3n con los grupos representantes de las comunidades.<\/p>\n\n\n\n<p>Las organizaciones protestaron a puerta de Palacio de Gobierno, desde donde apuntaron que por esa situaci\u00f3n y de no ser atendidos para escucharlos, advirtieron sobre una jornada de movilizaciones para el pr\u00f3ximo 12 de julio, as\u00ed como no descartan las protestas durante la Guelaguetza oficial.<\/p>\n\n\n\n<p>Contemplan marchas, bloqueos y la \u201ctoma\u201d de oficinas de gobierno, en las que participar\u00e1n integrantes del Frente Indigena de Pueblos Olvidados de Oaxaca (FIPO), el Frente de Izquierda Revolucionaria (FIR), Uni\u00f3n de Pueblos Originarios (UPO), Uni\u00f3n Democr\u00e1tica de Pueblos y Comunidades Ind\u00edgenas (UNDECI), Movimiento Activo de Organizaciones Sociales del Sur (MAOSS), Frente \u00danico Campesino Loxicha A.C. (FUCAL), la Coordinadora de Pueblos Ikoots de Oaxaca (COPIO), Frente Amplio de Pueblos Unidos para el Desarrollo de Oaxaca (FAPUDO), Alianza de los Pueblos Originarios por el Desarrollo Regional (ALPODER), Movimiento Social de Vanguardia (MSV), la Coordinadora Oaxaque\u00f1a Territorial del Sur (COTS), entre otras.<\/p>\n\n\n\n<p>TRIQUIS DE NUEVO<\/p>\n\n\n\n<p>As\u00ed tambi\u00e9n, desde el corredor exterior del Palacio de Gobierno, un grupo de mujeres ind\u00edgenas triquis se manifest\u00f3 para denunciar los enga\u00f1os del gobierno de Salom\u00f3n Jara para atenderlas.<\/p>\n\n\n\n<p>La lideresa, Sergia Zepeda, indic\u00f3 que la semana pasada, el gobierno les prometi\u00f3 una mesa de di\u00e1logo para dar cauce a la petici\u00f3n de espacios para la venta de sus productos artesanales, de manera ordinaria o durante la Guelaguetza, pero hasta el momento no las han atendido.<\/p>\n\n\n\n<p>El grupo de afectadas denunci\u00f3 que hay favoritismo del gobierno con algunos grupos, a quienes les otorg\u00f3 espacios p\u00fablicos que no ocupan, mientras ellas son madres de familia y el sustento de sus hijos.<\/p>\n\n\n\n<p>M\u00c1S PROTESTAS<\/p>\n\n\n\n<p>En la regi\u00f3n Mixteca, las agencias de Uni\u00f3n Reforma, San Pedro A\u00f1a\u00f1e y San Isidro Tejocotal del municipio de San Bartolo Soyaltepec activaron un bloqueo en la supercarretera Oaxaca-Cuacnopalan, en Asunci\u00f3n Nochixtl\u00e1n.<\/p>\n\n\n\n<p>Con el respaldo del Frente Popular Revolucionario, los pobladores exigieron la entrega de recursos del ramo 28 y 33. \u00abNo m\u00e1s gobierno rico y pueblo pobre\u00bb, reclamaron desde sus pancartas.<\/p>\n\n\n\n<p>As\u00ed tambi\u00e9n, por medio de comunicado, habitantes de Santo Tom\u00e1s Lachita\u00e1 de San Melchor Betaza, municipio del es originario el gobernador Salom\u00f3n Jara Cruz, exigieron el cumplimiento de la sentencia de la Quinta Sala Penal Colegiada Ind\u00edgena del Poder Judicial de Oaxaca, de 2021, para la entrega de sus recursos 28 y 33 por parte del presidente municipal, Gerardo R\u00edos Flores.<\/p>\n\n\n\n<p>De la misma forma exigieron al mandatario estatal cumplir con su promesa de acabar con este problema a su llegada, sin embargo, ya son siete meses y las condiciones para su comunidad respecto a la falta de recursos es la misma.<\/p>\n\n\n\n<p>\u00abEl secretario de Gobierno Jes\u00fas Romero nos ha tratado con soberbia y discriminaci\u00f3n, pues nos ha dejado plantados, nos ha tra\u00eddo con enga\u00f1os, y hasta amenazado, nos mand\u00f3 a decir que ya le bajemos y que, si no nos gusta que nos vayamos de Betaza, que busquemos otro municipio, se burla porque somos ind\u00edgenas, lo mismo sentimos de Salom\u00f3n Jara, a pesar de que es nuestro paisano\u201d, denunciaron los pobladores.<\/p>\n\n\n\n<p>Los pobladores emplazaron al gobernador para que a m\u00e1s tardar el mi\u00e9rcoles 5 de julio para que cumpla \u201csu palabra\u201d de instalar una mesa de trabajo entre Betaza y Lachita\u00e1, de lo contrario, apuntaron, intensificar\u00e1n sus movilizaciones en la capital oaxaque\u00f1a y en el Sector Cajonos-Villa Alta.<\/p>\n\n\n\n<p>Por otra parte, en la regi\u00f3n del Istmo, los habitantes de Puente Madera, adheridos a la Asamblea de los Pueblos Ind\u00edgenas del Istmo en Defensa de la Tierra y el Territorio &nbsp;(APIIDTT) manifestaron desde la barricada que mantienen en \u201cEl Pitayal\u201d, contra el &nbsp;Corredor Interoce\u00e1nico, su respaldo a la lucha de los pueblos zoques de San Miguel y Santa Mar\u00eda Chimalapa.<\/p>\n\n\n\n<p>OTRAS DENUNCIAS<\/p>\n\n\n\n<p>Por otra parte, ex trabajadores de la Defensor\u00eda de Derechos Humanos del Pueblo de Oaxaca denunciaron la omisi\u00f3n de su titular, Elizabeth Lara Rodr\u00edguez, para entablar un di\u00e1logo sobre su despido injustificado.<\/p>\n\n\n\n<p>As\u00ed como exhibieron la propia DDHPO, por medio del Consejo Ciudadano, le neg\u00f3 sus servicios al solicitarle su intervenci\u00f3n en el caso, pues de conformidad con sus facultades y funciones, es de su competencia opinar sobre estos asuntos.<\/p>\n\n\n\n<p>Tambi\u00e9n exhibieron que el organismo aut\u00f3nomo minti\u00f3 en su comunicado al negar a Ren\u00e9 Hern\u00e1ndez Reyes como su colaborador, pues cuentan con evidencias de audios y documentados en los que algunas y algunos de sus compa\u00f1eros despedidos fueron citados por la Directora Administrativa, Rosa Catalina del Castillo Rosas, quien present\u00f3 a Ren\u00e9 Hern\u00e1ndez Reyes como Asesor Jur\u00eddico, Coordinador Jur\u00eddico y\/o Director Jur\u00eddico de la DDHPO.<\/p>\n\n\n\n<p>Con esto, los ex trabajadores confirman la versi\u00f3n de los integrantes del Comit\u00e9 de V\u00edctimas de Nochixtl\u00e1n, que denunciaron la relaci\u00f3n laboral entre el abogado de tres presuntos responsables de la masacre del 19 de junio con dicho organismo.<\/p>\n\n\n\n<p>En tanto que ellos tambi\u00e9n negaron militancia con la organizaci\u00f3n Comuna, as\u00ed como la de su ni abogado laboral.<\/p>\n","protected":false},"excerpt":{"rendered":"<p>Yuridiana Sosa\/Zona Roja. Oaxaca de Ju\u00e1rez, Oax., a 3 de julio de 2023.- Las inconformidades&hellip;<\/p>\n","protected":false},"author":2,"featured_media":57146,"comment_status":"closed","ping_status":"open","sticky":false,"template":"","format":"standard","meta":{"_lmt_disableupdate":"","_lmt_disable":"","_jetpack_memberships_contains_paid_content":false,"footnotes":""},"categories":[109,47],"tags":[2496],"class_list":["post-57160","post","type-post","status-publish","format-standard","has-post-thumbnail","hentry","category-minuto-a-minuto","category-zona-gris","tag-marchas-y-bloqueos-oaxaca"],"jetpack_featured_media_url":"https:\/\/zonaroja.com.mx\/wp-content\/uploads\/2023\/07\/Protesta-vs-edil-San-bartolo-Yautepec.jpg","jetpack_sharing_enabled":true,"_links":{"self":[{"href":"https:\/\/zonaroja.com.mx\/index.php?rest_route=\/wp\/v2\/posts\/57160","targetHints":{"allow":["GET"]}}],"collection":[{"href":"https:\/\/zonaroja.com.mx\/index.php?rest_route=\/wp\/v2\/posts"}],"about":[{"href":"https:\/\/zonaroja.com.mx\/index.php?rest_route=\/wp\/v2\/types\/post"}],"author":[{"embeddable":true,"href":"https:\/\/zonaroja.com.mx\/index.php?rest_route=\/wp\/v2\/users\/2"}],"replies":[{"embeddable":true,"href":"https:\/\/zonaroja.com.mx\/index.php?rest_route=%2Fwp%2Fv2%2Fcomments&post=57160"}],"version-history":[{"count":1,"href":"https:\/\/zonaroja.com.mx\/index.php?rest_route=\/wp\/v2\/posts\/57160\/revisions"}],"predecessor-version":[{"id":57161,"href":"https:\/\/zonaroja.com.mx\/index.php?rest_route=\/wp\/v2\/posts\/57160\/revisions\/57161"}],"wp:featuredmedia":[{"embeddable":true,"href":"https:\/\/zonaroja.com.mx\/index.php?rest_route=\/wp\/v2\/media\/57146"}],"wp:attachment":[{"href":"https:\/\/zonaroja.com.mx\/index.php?rest_route=%2Fwp%2Fv2%2Fmedia&parent=57160"}],"wp:term":[{"taxonomy":"category","embeddable":true,"href":"https:\/\/zonaroja.com.mx\/index.php?rest_route=%2Fwp%2Fv2%2Fcategories&post=57160"},{"taxonomy":"post_tag","embeddable":true,"href":"https:\/\/zonaroja.com.mx\/index.php?rest_route=%2Fwp%2Fv2%2Ftags&post=57160"}],"curies":[{"name":"wp","href":"https:\/\/api.w.org\/{rel}","templated":true}]}}