{"id":57165,"date":"2023-07-04T08:36:32","date_gmt":"2023-07-04T13:36:32","guid":{"rendered":"http:\/\/www.zonaroja.com.mx\/?p=57165"},"modified":"2023-07-04T08:37:36","modified_gmt":"2023-07-04T13:37:36","slug":"confirman-que-hermano-de-alejandro-aviles-se-fugo-tras-orden-de-aprehension","status":"publish","type":"post","link":"https:\/\/zonaroja.com.mx\/?p=57165","title":{"rendered":"Confirman que hermano de Alejandro Avil\u00e9s se fug\u00f3, tras orden de aprehensi\u00f3n"},"content":{"rendered":"\n<p>Redacci\u00f3n\/Zona Roja.<\/p>\n\n\n\n<p>Oaxaca de Ju\u00e1rez, Oax., a 4 de julio de 2023.- Carlos Humberto Avil\u00e9s \u00c1lvarez, hermano del excandidato del PRI a la gubernatura de Oaxaca y diputado local Alejandro Avil\u00e9s \u00c1lvarez, se encuentra como no localizable tras una orden de aprehensi\u00f3n librada por el delito de ejercicio il\u00edcito del servicio p\u00fablico.<\/p>\n\n\n\n<p>El acusado fungi\u00f3 como director de Educaci\u00f3n a Distancia del Colegio de Estudios Cient\u00edficos y Tecnol\u00f3gicos del Estado de Oaxaca (Cecyteo), durante la administraci\u00f3n de Alejandro Murat Hinojosa.<\/p>\n\n\n\n<p>En su encuentro semanal con medios de comunicaci\u00f3n, el gobernador Salom\u00f3n Jarca Cruz, dijo por un lado que familiares del imputado, han solicitado al gobierno del estado \u201cque no se haga nada\u201d, que no se ejerza la acci\u00f3n penal.<\/p>\n\n\n\n<p>\u201cPiensan que por ser hermano de un funcionario o en este caso, de un diputado, no se iba a hacer justicia, pero no, se investiga todo lo que ocurri\u00f3 no solo con este personaje, sino como lo hemos venido haciendo en cuatro de las secretarias donde se encontraron irregularidades: IEEPO, Servicios de Salud, Sinfra y Secretar\u00eda de Administraci\u00f3n\u201d, advirti\u00f3.<\/p>\n\n\n\n<p>Por su parte el consejero Jur\u00eddico, Geovany V\u00e1squez Sagrero, confirm\u00f3 que s\u00ed existe orden de aprehensi\u00f3n en contra del hermano del diputado priista Alejandro Avil\u00e9s, quien en la v\u00edspera hab\u00eda negado las acusaciones contra su familiar.<\/p>\n\n\n\n<p>&nbsp;\u201cHasta el d\u00eda de hoy est\u00e1 como no localizado\u201d, se\u00f1al\u00f3 al revelar que de una manera un poco misteriosa empezaron a llegar documentos y peticiones del ciudadano Carlos Humberto Avil\u00e9s \u00c1lvarez, media hora despu\u00e9s de que se hizo p\u00fablica la liberaci\u00f3n de una orden de aprehensi\u00f3n en su contra.<\/p>\n\n\n\n<p>Manifest\u00f3 que a trav\u00e9s de la secretaria de Honestidad se estableci\u00f3 un calendario para las entregas recepciones para las distintas \u00e1reas, a \u00e9l (Carlos Humberto) se le requiri\u00f3 a trav\u00e9s del director administrativo para comparecer y cumplir lo que est\u00e1 que est\u00e1 obligado por ley.<\/p>\n\n\n\n<p>Se fij\u00f3 como primera fecha el 6 de enero del a\u00f1o en curso, sin embargo, debido a una intervenci\u00f3n quir\u00fargica no asisti\u00f3, despu\u00e9s se le reagend\u00f3 para el 13 de ese mismo mes y sin justificaci\u00f3n alguna no se present\u00f3.<\/p>\n\n\n\n<p>\u201cHa sido omiso a los requerimientos constantes que la Secretar\u00eda de la Honestidad hizo\u201d, manifest\u00f3.<\/p>\n\n\n\n<figure class=\"wp-block-embed\"><div class=\"wp-block-embed__wrapper\">\n<div class=\"twitter-tweet\"><blockquote class=\"twitter-tweet\" data-lang=\"es\"><p lang=\"es\" dir=\"ltr\">Sobre el caso de Carlos Humberto A. A., el gobernador <a href=\"https:\/\/twitter.com\/salomonj?ref_src=twsrc%5Etfw\">@salomonj<\/a> confirm\u00f3 que familiares de Avil\u00e9s ya lo han buscado para que no se haga nada y parar las indagatorias, \u201cpero nosotros no le vamos a parar\u201d, dijo en conferencia. <a href=\"https:\/\/t.co\/OwssXQzZRE\">pic.twitter.com\/OwssXQzZRE<\/a><\/p>&mdash; Zona Roja Oaxaca (@ZonaRoja_Oaxaca) <a href=\"https:\/\/twitter.com\/ZonaRoja_Oaxaca\/status\/1676069937004134401?ref_src=twsrc%5Etfw\">4 de julio de 2023<\/a><\/blockquote><\/div>\n<\/div><\/figure>\n","protected":false},"excerpt":{"rendered":"<p>Redacci\u00f3n\/Zona Roja. Oaxaca de Ju\u00e1rez, Oax., a 4 de julio de 2023.- Carlos Humberto Avil\u00e9s&hellip;<\/p>\n","protected":false},"author":2,"featured_media":57166,"comment_status":"closed","ping_status":"open","sticky":false,"template":"","format":"standard","meta":{"_lmt_disableupdate":"","_lmt_disable":"","_jetpack_memberships_contains_paid_content":false,"footnotes":""},"categories":[109,47],"tags":[3599],"class_list":["post-57165","post","type-post","status-publish","format-standard","has-post-thumbnail","hentry","category-minuto-a-minuto","category-zona-gris","tag-carlos-humberto-aviles-alvarez"],"jetpack_featured_media_url":"https:\/\/zonaroja.com.mx\/wp-content\/uploads\/2023\/07\/Carlos-Humberto-Aviles-Alvarez-orden-de-aprehension.png","jetpack_sharing_enabled":true,"_links":{"self":[{"href":"https:\/\/zonaroja.com.mx\/index.php?rest_route=\/wp\/v2\/posts\/57165","targetHints":{"allow":["GET"]}}],"collection":[{"href":"https:\/\/zonaroja.com.mx\/index.php?rest_route=\/wp\/v2\/posts"}],"about":[{"href":"https:\/\/zonaroja.com.mx\/index.php?rest_route=\/wp\/v2\/types\/post"}],"author":[{"embeddable":true,"href":"https:\/\/zonaroja.com.mx\/index.php?rest_route=\/wp\/v2\/users\/2"}],"replies":[{"embeddable":true,"href":"https:\/\/zonaroja.com.mx\/index.php?rest_route=%2Fwp%2Fv2%2Fcomments&post=57165"}],"version-history":[{"count":1,"href":"https:\/\/zonaroja.com.mx\/index.php?rest_route=\/wp\/v2\/posts\/57165\/revisions"}],"predecessor-version":[{"id":57167,"href":"https:\/\/zonaroja.com.mx\/index.php?rest_route=\/wp\/v2\/posts\/57165\/revisions\/57167"}],"wp:featuredmedia":[{"embeddable":true,"href":"https:\/\/zonaroja.com.mx\/index.php?rest_route=\/wp\/v2\/media\/57166"}],"wp:attachment":[{"href":"https:\/\/zonaroja.com.mx\/index.php?rest_route=%2Fwp%2Fv2%2Fmedia&parent=57165"}],"wp:term":[{"taxonomy":"category","embeddable":true,"href":"https:\/\/zonaroja.com.mx\/index.php?rest_route=%2Fwp%2Fv2%2Fcategories&post=57165"},{"taxonomy":"post_tag","embeddable":true,"href":"https:\/\/zonaroja.com.mx\/index.php?rest_route=%2Fwp%2Fv2%2Ftags&post=57165"}],"curies":[{"name":"wp","href":"https:\/\/api.w.org\/{rel}","templated":true}]}}