{"id":57168,"date":"2023-07-04T09:07:47","date_gmt":"2023-07-04T14:07:47","guid":{"rendered":"http:\/\/www.zonaroja.com.mx\/?p=57168"},"modified":"2023-07-04T09:10:26","modified_gmt":"2023-07-04T14:10:26","slug":"atentan-contra-el-secretario-de-gobierno-de-tamaulipas","status":"publish","type":"post","link":"https:\/\/zonaroja.com.mx\/?p=57168","title":{"rendered":"Atentan contra el secretario de Gobierno de Tamaulipas"},"content":{"rendered":"\n<p>Redacci\u00f3n\/Zona Roja Cdmx.<\/p>\n\n\n\n<p>Ciudad de M\u00e9xico, a 4 de julio de 2023.- El convoy en que viajaba el secretario general de Gobierno de Tamaulipas, H\u00e9ctor Villegas Gonz\u00e1lez, fue atacado a balazos la madrugada del lunes, cuando circulaba por la carretera Reynosa-San Fernando; el funcionario y sus escoltas salieron ilesos. S\u00f3lo uno de los veh\u00edculos result\u00f3 da\u00f1ado.<\/p>\n\n\n\n<p>La agresi\u00f3n fue cometida alrededor de las 4:50 horas en las inmediaciones de los ejidos La Noria y Gonz\u00e1lez Villarreal; la comitiva se dirig\u00eda a Ciudad Victoria, capital del estado, inform\u00f3 la Secretar\u00eda de Seguridad P\u00fablica estatal.<\/p>\n\n\n\n<p>Las autoridades activaron el c\u00f3digo rojo y fuerzas de seguridad estatales y federales iniciaron la b\u00fasqueda de los responsables en los municipios de San Fernando, Reynosa, Matamoros y R\u00edo Bravo. Al cierre de esta edici\u00f3n, no los hab\u00edan encontrado.<\/p>\n\n\n\n<p>Luego del atentado, el gobernador Am\u00e9rico Villarreal Anaya declar\u00f3 en sesi\u00f3n permanente la Mesa de Coordinaci\u00f3n para la Construcci\u00f3n de la Paz de Tamaulipas, con el prop\u00f3sito de dar seguimiento al ataque y esclarecerlo.<\/p>\n\n\n\n<p>En dicha mesa, encabezada por el mandatario morenista, participaron mandos del Ej\u00e9rcito Mexicano, de la Secretar\u00eda de Marina, la Guardia Nacional, la Guardia Estatal, las fiscal\u00edas federal y estatal, as\u00ed como cuerpos de inteligencia.<\/p>\n\n\n\n<p>Seg\u00fan se inform\u00f3, el secretario de Gobierno y alcalde con licencia de R\u00edo Bravo estuvo en la reuni\u00f3n y anunci\u00f3 que interpondr\u00e1 una denuncia por el atentado para que las autoridades realicen las indagatorias correspondientes.<\/p>\n\n\n\n<p>Villarreal Anaya afirm\u00f3 que hay coordinaci\u00f3n entre corporaciones de seguridad de los tres niveles de gobierno para combatir la inseguridad, que no se bajar\u00e1 la guardia y que la prioridad de su administraci\u00f3n es la tranquilidad y la paz de los tamaulipecos.<\/p>\n\n\n\n<p>(Informaci\u00f3n de \u201cLa Jornada\u201d)<\/p>\n","protected":false},"excerpt":{"rendered":"<p>Redacci\u00f3n\/Zona Roja Cdmx. Ciudad de M\u00e9xico, a 4 de julio de 2023.- El convoy en&hellip;<\/p>\n","protected":false},"author":2,"featured_media":57173,"comment_status":"closed","ping_status":"open","sticky":false,"template":"","format":"standard","meta":{"_lmt_disableupdate":"","_lmt_disable":"","_jetpack_memberships_contains_paid_content":false,"footnotes":""},"categories":[109,47],"tags":[2919],"class_list":["post-57168","post","type-post","status-publish","format-standard","has-post-thumbnail","hentry","category-minuto-a-minuto","category-zona-gris","tag-matamoros-tamaulipas"],"jetpack_featured_media_url":"https:\/\/zonaroja.com.mx\/wp-content\/uploads\/2023\/07\/Atentado-secretario-Tamaulipas.jpeg","jetpack_sharing_enabled":true,"_links":{"self":[{"href":"https:\/\/zonaroja.com.mx\/index.php?rest_route=\/wp\/v2\/posts\/57168","targetHints":{"allow":["GET"]}}],"collection":[{"href":"https:\/\/zonaroja.com.mx\/index.php?rest_route=\/wp\/v2\/posts"}],"about":[{"href":"https:\/\/zonaroja.com.mx\/index.php?rest_route=\/wp\/v2\/types\/post"}],"author":[{"embeddable":true,"href":"https:\/\/zonaroja.com.mx\/index.php?rest_route=\/wp\/v2\/users\/2"}],"replies":[{"embeddable":true,"href":"https:\/\/zonaroja.com.mx\/index.php?rest_route=%2Fwp%2Fv2%2Fcomments&post=57168"}],"version-history":[{"count":1,"href":"https:\/\/zonaroja.com.mx\/index.php?rest_route=\/wp\/v2\/posts\/57168\/revisions"}],"predecessor-version":[{"id":57169,"href":"https:\/\/zonaroja.com.mx\/index.php?rest_route=\/wp\/v2\/posts\/57168\/revisions\/57169"}],"wp:featuredmedia":[{"embeddable":true,"href":"https:\/\/zonaroja.com.mx\/index.php?rest_route=\/wp\/v2\/media\/57173"}],"wp:attachment":[{"href":"https:\/\/zonaroja.com.mx\/index.php?rest_route=%2Fwp%2Fv2%2Fmedia&parent=57168"}],"wp:term":[{"taxonomy":"category","embeddable":true,"href":"https:\/\/zonaroja.com.mx\/index.php?rest_route=%2Fwp%2Fv2%2Fcategories&post=57168"},{"taxonomy":"post_tag","embeddable":true,"href":"https:\/\/zonaroja.com.mx\/index.php?rest_route=%2Fwp%2Fv2%2Ftags&post=57168"}],"curies":[{"name":"wp","href":"https:\/\/api.w.org\/{rel}","templated":true}]}}