{"id":57170,"date":"2023-07-04T10:30:00","date_gmt":"2023-07-04T15:30:00","guid":{"rendered":"http:\/\/www.zonaroja.com.mx\/?p=57170"},"modified":"2023-07-04T09:09:26","modified_gmt":"2023-07-04T14:09:26","slug":"aumenta-crisis-en-pri-nacional-y-de-oaxaca-abundan-renuncias","status":"publish","type":"post","link":"https:\/\/zonaroja.com.mx\/?p=57170","title":{"rendered":"Aumenta crisis en PRI nacional y de Oaxaca; abundan renuncias"},"content":{"rendered":"\n<p>Redacci\u00f3n\/Zona Roja.<\/p>\n\n\n\n<p>Oaxaca de Ju\u00e1rez, Oax., a 4 de julio de 2023.- El arrastre del Partido Morena, la nula actividad y el dirigencias de escritorio llevan al PRI a una de sus peores crisis en su historia de nueve d\u00e9cadas.<\/p>\n\n\n\n<p>Tras perder este a\u00f1o dos de tres gubernaturas, y reelegir una c\u00fapula a Alejandro Morena C\u00e1rdenas como dirigente nacional, las renuncias siguen en cascada, tras el ejemplo del estado de Hidalgo, y ayer fueron unas 250 dimisiones.<\/p>\n\n\n\n<p>Este lunes, los senadores Claudia Ruiz Massieu y Miguel \u00c1ngel Osorio Chong renunciaron al tricolor por estar inconformes con la conducci\u00f3n de &#8216;Alito&#8217; Moreno. Asimismo, pese a que el PRI renov\u00f3 su alianza legislativa y electoral con el PAN-PRD, de cara a a las elecciones 2024, tambi\u00e9n personajes como Nuvia Mayorga y hasta Eruviel \u00c1vila se han deslindado del partido.<\/p>\n\n\n\n<p>En conferencia de prensa realizada este lunes, Osorio Chong acus\u00f3 que Alejandro Moreno destruy\u00f3 al&nbsp;partido con enga\u00f1os y trampas, adem\u00e1s de que lo llev\u00f3 \u00aba la peor \u00e9poca de su historia\u00bb.<\/p>\n\n\n\n<p>\u201cAlejandro Moreno en poco tiempo destruy\u00f3 nuestro gran instituto pol\u00edtico, miro para sus intereses, ambici\u00f3n y para su protecci\u00f3n de todo lo que p\u00fablicamente es se\u00f1alado y&nbsp;acusado, destruy\u00f3 todo, destruy\u00f3 la instituci\u00f3n que le encargaron (&#8230;) Alejandro Moreno&nbsp;rompi\u00f3&nbsp;con la unidad de los priistas\u00bb, expres\u00f3 el legislador.<\/p>\n\n\n\n<p>El evento organizado por&nbsp;los militantes priistas fue denominado \u00abCongruencia por M\u00e9xico\u00bb,&nbsp;nombre del&nbsp;movimiento que agrupar\u00e1 a los liderazgos del tricolor que salen de esa fuerza pol\u00edtica.<\/p>\n\n\n\n<p>\u00abUn grupo que buscar\u00e1 fortalecer la democracia y dignificar la pol\u00edtica, no se equivoquen, no nos retiramos de la pol\u00edtica ni nos hacemos a un lado, seguiremos estando, para que algo pueda nacer, algo debe terminarse\u00bb, detall\u00f3 Osorio Chong.<\/p>\n\n\n\n<p>OAXACA TAMBI\u00c9N<\/p>\n\n\n\n<p>En el caso de Oaxaca, tambi\u00e9n renunciaron al PRI el ex candidato a gobernador, Eviel P\u00e9rez Maga\u00f1a, quien fue secretario de Desarrollo Social en el sexenio de Enrique Pe\u00f1a Nieto y dirigente estatal del partido.<\/p>\n\n\n\n<p>En tanto que su hija, Gabriela P\u00e9rez, renunci\u00f3 a la bancada del PRI desde finales del a\u00f1o pasado.<\/p>\n\n\n\n<p>La determinaci\u00f3n de ayer tambi\u00e9n la tom\u00f3 H\u00e9ctor Pablo Ram\u00edrez Puga Leyva, tambi\u00e9n ex colaborador de Pe\u00f1a Nieto y que con antelaci\u00f3n ya hab\u00eda renunciado al tricolor, para ser candidato a senador por el PRD.<\/p>\n\n\n\n<p>En Oaxaca, la escasa militancia que queda ha cuestionado la dirigencia de Javier Villaca\u00f1a Jim\u00e9nez y de Lizbeth Concha Ojeda por no revitalizar el partido y seguir privilegiando s\u00f3lo a un grupo de allegados en las decisiones; adem\u00e1s de&nbsp; mantener reuniones casi secretas en el interior del estado, sin convocar a todos los priistas que a\u00fan quedan.<\/p>\n\n\n\n<p>Por otra parte, apenas hace dos semanas, renunciaron al PRI 15 alcaldes y m\u00e1s de 70 s\u00edndicos y regidores en el estado de Hidalgo.<\/p>\n\n\n\n<p>De acuerdo con el alcalde de Pachuca,&nbsp;Sergio Ba\u00f1os Rubio,&nbsp;el motivo de esta renuncia masiva en ese estado se debe a los atropellos e imposiciones por parte de la dirigencia nacional del tricolor, que ostentan Alejandro Moreno y Carolina Viggiano.<\/p>\n","protected":false},"excerpt":{"rendered":"<p>Redacci\u00f3n\/Zona Roja. Oaxaca de Ju\u00e1rez, Oax., a 4 de julio de 2023.- El arrastre del&hellip;<\/p>\n","protected":false},"author":2,"featured_media":57172,"comment_status":"closed","ping_status":"open","sticky":false,"template":"","format":"standard","meta":{"_lmt_disableupdate":"","_lmt_disable":"","_jetpack_memberships_contains_paid_content":false,"footnotes":""},"categories":[109,47],"tags":[1246],"class_list":["post-57170","post","type-post","status-publish","format-standard","has-post-thumbnail","hentry","category-minuto-a-minuto","category-zona-gris","tag-partido-revolucionario-institucional-pri"],"jetpack_featured_media_url":"https:\/\/zonaroja.com.mx\/wp-content\/uploads\/2023\/07\/Se-desmorona-crisis-renuncias-PRI.jpeg","jetpack_sharing_enabled":true,"_links":{"self":[{"href":"https:\/\/zonaroja.com.mx\/index.php?rest_route=\/wp\/v2\/posts\/57170","targetHints":{"allow":["GET"]}}],"collection":[{"href":"https:\/\/zonaroja.com.mx\/index.php?rest_route=\/wp\/v2\/posts"}],"about":[{"href":"https:\/\/zonaroja.com.mx\/index.php?rest_route=\/wp\/v2\/types\/post"}],"author":[{"embeddable":true,"href":"https:\/\/zonaroja.com.mx\/index.php?rest_route=\/wp\/v2\/users\/2"}],"replies":[{"embeddable":true,"href":"https:\/\/zonaroja.com.mx\/index.php?rest_route=%2Fwp%2Fv2%2Fcomments&post=57170"}],"version-history":[{"count":1,"href":"https:\/\/zonaroja.com.mx\/index.php?rest_route=\/wp\/v2\/posts\/57170\/revisions"}],"predecessor-version":[{"id":57174,"href":"https:\/\/zonaroja.com.mx\/index.php?rest_route=\/wp\/v2\/posts\/57170\/revisions\/57174"}],"wp:featuredmedia":[{"embeddable":true,"href":"https:\/\/zonaroja.com.mx\/index.php?rest_route=\/wp\/v2\/media\/57172"}],"wp:attachment":[{"href":"https:\/\/zonaroja.com.mx\/index.php?rest_route=%2Fwp%2Fv2%2Fmedia&parent=57170"}],"wp:term":[{"taxonomy":"category","embeddable":true,"href":"https:\/\/zonaroja.com.mx\/index.php?rest_route=%2Fwp%2Fv2%2Fcategories&post=57170"},{"taxonomy":"post_tag","embeddable":true,"href":"https:\/\/zonaroja.com.mx\/index.php?rest_route=%2Fwp%2Fv2%2Ftags&post=57170"}],"curies":[{"name":"wp","href":"https:\/\/api.w.org\/{rel}","templated":true}]}}