{"id":57175,"date":"2023-07-04T11:30:00","date_gmt":"2023-07-04T16:30:00","guid":{"rendered":"http:\/\/www.zonaroja.com.mx\/?p=57175"},"modified":"2023-07-04T09:11:40","modified_gmt":"2023-07-04T14:11:40","slug":"protestan-chimapalas-en-la-cdmx-para-exigir-resolucion-a-conflicto-con-chiapas","status":"publish","type":"post","link":"https:\/\/zonaroja.com.mx\/?p=57175","title":{"rendered":"Protestan Chimapalas en la Cdmx para exigir resoluci\u00f3n a conflicto con Chiapas"},"content":{"rendered":"\n<p>Redacci\u00f3n\/Zona Roja.<\/p>\n\n\n\n<p>Oaxaca de Ju\u00e1rez, Oax., a 4 de julio de 2023.- Pobladores y autoridades de Santa Mar\u00eda y San Miguel Chimalapa se encuentran desde ayer en la Ciudad de M\u00e9xico, para exigir a la Suprema Corte de Justicia de la Naci\u00f3n revisar el incidente de aclaraci\u00f3n respecto a la controversia constitucional sobre los l\u00edmites con Chiapas.<\/p>\n\n\n\n<p>Fue el pasado 29 de junio en que la Consejer\u00eda Jur\u00eddica del Gobierno del Estado confirm\u00f3 que, con base a la petici\u00f3n de las asambleas de dichos municipios, se present\u00f3 ante la Corte un incidente de aclaraci\u00f3n de la zona lim\u00edtrofe.<\/p>\n\n\n\n<p>Ello para que se corrijan las coordenadas que fueron delimitadas en la controversia constitucional de hace m\u00e1s de un a\u00f1o, en que el \u00f3rgano determin\u00f3 tierras a favor de Oaxaca, pero con algunos puntos err\u00f3neos.<\/p>\n\n\n\n<p>Los pobladores y autoridades de San Miguel y de Santa Mar\u00eda esperan que personal de la Suprema Corte los reciba en una audiencia de o\u00eddas, para exponer sus fundamentos por los cuales rechazan la delimitaci\u00f3n territorial que se hizo.<\/p>\n\n\n\n<p>Asimismo, ayer en la conferencia de prensa, reclamaron que contin\u00fae la tala y explotaci\u00f3n de sus recursos naturales, por lo cual exigieron que se hagan las indagatorias correspondientes y se castigue a los responsables.<\/p>\n\n\n\n<p>Paralelo a ello, reclamaron que los gobiernos de Oaxaca y de Chiapas hayan firmado un convenio amistoso para llevar a cabo el cumplimiento de la sentencia de la Corte, sin tomar en cuenta a los pueblos.<\/p>\n","protected":false},"excerpt":{"rendered":"<p>Redacci\u00f3n\/Zona Roja. Oaxaca de Ju\u00e1rez, Oax., a 4 de julio de 2023.- Pobladores y autoridades&hellip;<\/p>\n","protected":false},"author":2,"featured_media":57176,"comment_status":"closed","ping_status":"open","sticky":false,"template":"","format":"standard","meta":{"_lmt_disableupdate":"","_lmt_disable":"","_jetpack_memberships_contains_paid_content":false,"footnotes":""},"categories":[109],"tags":[2949],"class_list":["post-57175","post","type-post","status-publish","format-standard","has-post-thumbnail","hentry","category-minuto-a-minuto","tag-controversia-constitucional-chimalapas"],"jetpack_featured_media_url":"https:\/\/zonaroja.com.mx\/wp-content\/uploads\/2023\/07\/Chimalapas-en-la-ciudad-de-Mexico.jpg","jetpack_sharing_enabled":true,"_links":{"self":[{"href":"https:\/\/zonaroja.com.mx\/index.php?rest_route=\/wp\/v2\/posts\/57175","targetHints":{"allow":["GET"]}}],"collection":[{"href":"https:\/\/zonaroja.com.mx\/index.php?rest_route=\/wp\/v2\/posts"}],"about":[{"href":"https:\/\/zonaroja.com.mx\/index.php?rest_route=\/wp\/v2\/types\/post"}],"author":[{"embeddable":true,"href":"https:\/\/zonaroja.com.mx\/index.php?rest_route=\/wp\/v2\/users\/2"}],"replies":[{"embeddable":true,"href":"https:\/\/zonaroja.com.mx\/index.php?rest_route=%2Fwp%2Fv2%2Fcomments&post=57175"}],"version-history":[{"count":1,"href":"https:\/\/zonaroja.com.mx\/index.php?rest_route=\/wp\/v2\/posts\/57175\/revisions"}],"predecessor-version":[{"id":57177,"href":"https:\/\/zonaroja.com.mx\/index.php?rest_route=\/wp\/v2\/posts\/57175\/revisions\/57177"}],"wp:featuredmedia":[{"embeddable":true,"href":"https:\/\/zonaroja.com.mx\/index.php?rest_route=\/wp\/v2\/media\/57176"}],"wp:attachment":[{"href":"https:\/\/zonaroja.com.mx\/index.php?rest_route=%2Fwp%2Fv2%2Fmedia&parent=57175"}],"wp:term":[{"taxonomy":"category","embeddable":true,"href":"https:\/\/zonaroja.com.mx\/index.php?rest_route=%2Fwp%2Fv2%2Fcategories&post=57175"},{"taxonomy":"post_tag","embeddable":true,"href":"https:\/\/zonaroja.com.mx\/index.php?rest_route=%2Fwp%2Fv2%2Ftags&post=57175"}],"curies":[{"name":"wp","href":"https:\/\/api.w.org\/{rel}","templated":true}]}}