{"id":57178,"date":"2023-07-04T13:11:00","date_gmt":"2023-07-04T18:11:00","guid":{"rendered":"http:\/\/www.zonaroja.com.mx\/?p=57178"},"modified":"2023-07-04T09:15:53","modified_gmt":"2023-07-04T14:15:53","slug":"benefician-en-xoxocotlan-a-mas-de-200-infantes-con-tamiz-auditivo","status":"publish","type":"post","link":"https:\/\/zonaroja.com.mx\/?p=57178","title":{"rendered":"Benefician en Xoxocotl\u00e1n a m\u00e1s de 200 infantes con Tamiz Auditivo"},"content":{"rendered":"\n<p>Redacci\u00f3n\/Zona Roja.<\/p>\n\n\n\n<p>Oaxaca de Ju\u00e1rez, Oax., a 4 de julio del 2023.- Con la finalidad de acercar el servicio de Tamiz Auditivo a ni\u00f1as y ni\u00f1os en edad preescolar, el gobierno municipal de Santa Cruz Xoxocotl\u00e1n, que encabeza el edil, Inocente Castellanos Alejos, a trav\u00e9s del DIF Municipal presidido por Eric Enmanuel Ortiz Hern\u00e1ndez, realiza una jornada que lleva ese beneficio a Jardines Infantiles de esta comunidad.<\/p>\n\n\n\n<p>La labor puesta en marcha en las \u00faltimas semanas de junio, se realiza de la mano con el Centro Oaxaque\u00f1o de Rehabilitaci\u00f3n de Audici\u00f3n y Lenguaje (CORAL), que a trav\u00e9s de sus profesionales realiza pruebas auditivas a las y los peque\u00f1os, a fin de detectar problemas y canalizarlos oportunamente para su atenci\u00f3n.<\/p>\n\n\n\n<p>&nbsp;\u00abEl DIF Municipal trabaja continuamente en la construcci\u00f3n de alianzas que nos ayuden a beneficiar a los grupos vulnerables, en este caso adem\u00e1s del Tamiz, se &nbsp;beneficia a las y los ni\u00f1os que requieren un aparato auditivo, otorg\u00e1ndoselos de forma gratuita\u00bb, inform\u00f3 el presidente honorario del DIF Municipal.<\/p>\n\n\n\n<p>Agreg\u00f3, que actualmente una dispositivo para el o\u00eddo tiene un costo de alrededor de 20 mil pesos, por lo que, sin lugar a dudas, el trabajo coordinado entre Coral y el DIF Municipal de Xoxo es de gran beneficio.<\/p>\n\n\n\n<p>&nbsp;\u00abEstamos muy contentos de acercar estas jornadas a las familias xoxe\u00f1as, al d\u00eda de hoy llevamos m\u00e1s de 250 ni\u00f1os beneficiados en diferentes preescolares del municipio. Cabe resaltar que estos servicios son gratuitos y que son acciones que forman parte de la pol\u00edtica social que impulsa desde su llegada el presidente municipal, Dr. Chente Castellanos.\u201d se\u00f1al\u00f3, Ortiz Hern\u00e1ndez.&nbsp;<\/p>\n\n\n\n<p>Destac\u00f3 que la instituci\u00f3n que preside lleva acabo diferentes acciones en beneficio de los sectores m\u00e1s vulnerables, como la \u201cTiendita DIF\u00bb &nbsp;que a diario recorre colonia por colonia; las brigadas de servicios \u00abCerca de Ti\u00bb, con atenci\u00f3n m\u00e9dica gratuita, as\u00ed como talleres con cuotas m\u00ednimas de recuperaci\u00f3n.<\/p>\n\n\n\n<p>\u00abNuestros programas est\u00e1n encaminados a apoyar a quien m\u00e1s lo necesita, procuramos abarcar temas de abasto de productos b\u00e1sicos o verdura, salud y por supuesto de recreaci\u00f3n, artes dirigidos tanto a las infancias como a los adultos mayores, ponemos todo nuestro empe\u00f1o porque sabemos que unidos y en familia avanzamos todos\u00bb, puntualiz\u00f3 el presidente honorario del DIF Municipal.<\/p>\n","protected":false},"excerpt":{"rendered":"<p>Redacci\u00f3n\/Zona Roja. Oaxaca de Ju\u00e1rez, Oax., a 4 de julio del 2023.- Con la finalidad&hellip;<\/p>\n","protected":false},"author":2,"featured_media":57179,"comment_status":"closed","ping_status":"open","sticky":false,"template":"","format":"standard","meta":{"_lmt_disableupdate":"","_lmt_disable":"","_jetpack_memberships_contains_paid_content":false,"footnotes":""},"categories":[109,46],"tags":[133],"class_list":["post-57178","post","type-post","status-publish","format-standard","has-post-thumbnail","hentry","category-minuto-a-minuto","category-zona-blanca","tag-santa-cruz-xoxocotlan"],"jetpack_featured_media_url":"https:\/\/zonaroja.com.mx\/wp-content\/uploads\/2023\/07\/Tamiz-neonatal-Xoxocotlan.jpg","jetpack_sharing_enabled":true,"_links":{"self":[{"href":"https:\/\/zonaroja.com.mx\/index.php?rest_route=\/wp\/v2\/posts\/57178","targetHints":{"allow":["GET"]}}],"collection":[{"href":"https:\/\/zonaroja.com.mx\/index.php?rest_route=\/wp\/v2\/posts"}],"about":[{"href":"https:\/\/zonaroja.com.mx\/index.php?rest_route=\/wp\/v2\/types\/post"}],"author":[{"embeddable":true,"href":"https:\/\/zonaroja.com.mx\/index.php?rest_route=\/wp\/v2\/users\/2"}],"replies":[{"embeddable":true,"href":"https:\/\/zonaroja.com.mx\/index.php?rest_route=%2Fwp%2Fv2%2Fcomments&post=57178"}],"version-history":[{"count":1,"href":"https:\/\/zonaroja.com.mx\/index.php?rest_route=\/wp\/v2\/posts\/57178\/revisions"}],"predecessor-version":[{"id":57180,"href":"https:\/\/zonaroja.com.mx\/index.php?rest_route=\/wp\/v2\/posts\/57178\/revisions\/57180"}],"wp:featuredmedia":[{"embeddable":true,"href":"https:\/\/zonaroja.com.mx\/index.php?rest_route=\/wp\/v2\/media\/57179"}],"wp:attachment":[{"href":"https:\/\/zonaroja.com.mx\/index.php?rest_route=%2Fwp%2Fv2%2Fmedia&parent=57178"}],"wp:term":[{"taxonomy":"category","embeddable":true,"href":"https:\/\/zonaroja.com.mx\/index.php?rest_route=%2Fwp%2Fv2%2Fcategories&post=57178"},{"taxonomy":"post_tag","embeddable":true,"href":"https:\/\/zonaroja.com.mx\/index.php?rest_route=%2Fwp%2Fv2%2Ftags&post=57178"}],"curies":[{"name":"wp","href":"https:\/\/api.w.org\/{rel}","templated":true}]}}