{"id":57181,"date":"2023-07-04T12:16:00","date_gmt":"2023-07-04T17:16:00","guid":{"rendered":"http:\/\/www.zonaroja.com.mx\/?p=57181"},"modified":"2023-07-04T09:17:33","modified_gmt":"2023-07-04T14:17:33","slug":"reporteros-sin-frontera-condena-ataque-a-balazos-a-periodista-en-guerrero","status":"publish","type":"post","link":"https:\/\/zonaroja.com.mx\/?p=57181","title":{"rendered":"Reporteros sin Frontera condena ataque a balazos a periodista en Guerrero"},"content":{"rendered":"\n<p>Redacci\u00f3n\/Zona Roja Cdmx.<\/p>\n\n\n\n<p>Ciudad de M\u00e9xico, a 4 de julio de 2023.- La organizaci\u00f3n Reporteros Sin Fronteras (RSF) conden\u00f3 un ataque a tiros que sufri\u00f3 un comunicador en la ciudad de Acapulco, Guerrero,&nbsp;y cuyo estado de salud se reporta grave.<\/p>\n\n\n\n<p>Seg\u00fan reportes de medios locales, el comunicador Alan Castro Abarca fue lesionado por disparos de arma de fuego en la colonia Morelos del Puerto de Acapulco, Guerrero, donde presuntamente fue asaltado.<\/p>\n\n\n\n<p>Tras el ataque se precis\u00f3 que el informador fue herido en uno de sus brazos y en la cabeza por lo que su estado de salud es grave.<\/p>\n\n\n\n<p>\u201cRSF condena el ataque armado ocurrido el 3\/07 contra el comunicador Alan Castro, administrador de las p\u00e1ginas ContactoTVGuerrero y La \u00daltima L\u00ednea Noticias, en colonia Morelos (Acapulco). Castro fue hospitalizado con disparos en la cabeza y el brazo\u201d, se\u00f1al\u00f3.<\/p>\n\n\n\n<p>Adem\u00e1s, la organizaci\u00f3n pidi\u00f3 a la Fiscal\u00eda General del Estado (FGE) de Guerrero investigar r\u00e1pidamente los hechos y garantizar la seguridad de Alan Castro y su familia.<\/p>\n\n\n\n<p>\u201cEs urgente identificar a los responsables, determinar si hay conexi\u00f3n con su labor informativa y reforzar la protecci\u00f3n a las y los periodistas en M\u00e9xico\u201d, a\u00f1adi\u00f3 RSF.<\/p>\n\n\n\n<p>La familia del reportero inform\u00f3 que le pidieron a la gobernadora del estado de Guerrero, Evelyn Salgado, asistir al hospital para apoyarlo mediante el protocolo de protecci\u00f3n a periodistas.<\/p>\n\n\n\n<p>La agresi\u00f3n contra Abarca ocurri\u00f3 luego de un violento fin de semana en el que 10 personas fueron asesinadas en diferentes lugares de Acapulco.<\/p>\n\n\n\n<p>El 23 de mayo, el periodista y exfuncionario municipal, Marco Aurelio Ram\u00edrez Hern\u00e1ndez, fue asesinado a tiros en la ciudad de Tehuac\u00e1n, estado de Puebla, centro de M\u00e9xico, el tercero en lo que va de 2023.<\/p>\n\n\n\n<p>En 2022, M\u00e9xico se apunt\u00f3 como el \u201cpa\u00eds en paz\u201d m\u00e1s peligroso para la prensa, al concentrar el 20 por ciento de los asesinatos de periodistas en el mundo, con 13 casos, seg\u00fan la organizaci\u00f3n Reporteros Sin Fronteras (RSF).<\/p>\n\n\n\n<p>De acuerdo con la organizaci\u00f3n Art\u00edculo 19, un total de 157 periodistas han sido asesinados en M\u00e9xico desde 2000 en posible relaci\u00f3n con su labor. De estos, 37 han ocurrido durante el actual mandato del presidente Andr\u00e9s Manuel L\u00f3pez Obrador, quien asumi\u00f3 el poder el 1 de diciembre de 2018.<\/p>\n\n\n\n<p>(Informaci\u00f3n de EFE en L\u00f3pez-D\u00f3riga Digital)<\/p>\n","protected":false},"excerpt":{"rendered":"<p>Redacci\u00f3n\/Zona Roja Cdmx. Ciudad de M\u00e9xico, a 4 de julio de 2023.- La organizaci\u00f3n Reporteros&hellip;<\/p>\n","protected":false},"author":2,"featured_media":57183,"comment_status":"closed","ping_status":"open","sticky":false,"template":"","format":"standard","meta":{"_lmt_disableupdate":"","_lmt_disable":"","_jetpack_memberships_contains_paid_content":false,"footnotes":""},"categories":[109,47],"tags":[3600],"class_list":["post-57181","post","type-post","status-publish","format-standard","has-post-thumbnail","hentry","category-minuto-a-minuto","category-zona-gris","tag-alan-castro-abarca"],"jetpack_featured_media_url":"https:\/\/zonaroja.com.mx\/wp-content\/uploads\/2023\/07\/Ataque-a-balazos-periodista-Guerrero.jpeg","jetpack_sharing_enabled":true,"_links":{"self":[{"href":"https:\/\/zonaroja.com.mx\/index.php?rest_route=\/wp\/v2\/posts\/57181","targetHints":{"allow":["GET"]}}],"collection":[{"href":"https:\/\/zonaroja.com.mx\/index.php?rest_route=\/wp\/v2\/posts"}],"about":[{"href":"https:\/\/zonaroja.com.mx\/index.php?rest_route=\/wp\/v2\/types\/post"}],"author":[{"embeddable":true,"href":"https:\/\/zonaroja.com.mx\/index.php?rest_route=\/wp\/v2\/users\/2"}],"replies":[{"embeddable":true,"href":"https:\/\/zonaroja.com.mx\/index.php?rest_route=%2Fwp%2Fv2%2Fcomments&post=57181"}],"version-history":[{"count":1,"href":"https:\/\/zonaroja.com.mx\/index.php?rest_route=\/wp\/v2\/posts\/57181\/revisions"}],"predecessor-version":[{"id":57184,"href":"https:\/\/zonaroja.com.mx\/index.php?rest_route=\/wp\/v2\/posts\/57181\/revisions\/57184"}],"wp:featuredmedia":[{"embeddable":true,"href":"https:\/\/zonaroja.com.mx\/index.php?rest_route=\/wp\/v2\/media\/57183"}],"wp:attachment":[{"href":"https:\/\/zonaroja.com.mx\/index.php?rest_route=%2Fwp%2Fv2%2Fmedia&parent=57181"}],"wp:term":[{"taxonomy":"category","embeddable":true,"href":"https:\/\/zonaroja.com.mx\/index.php?rest_route=%2Fwp%2Fv2%2Fcategories&post=57181"},{"taxonomy":"post_tag","embeddable":true,"href":"https:\/\/zonaroja.com.mx\/index.php?rest_route=%2Fwp%2Fv2%2Ftags&post=57181"}],"curies":[{"name":"wp","href":"https:\/\/api.w.org\/{rel}","templated":true}]}}