{"id":57187,"date":"2023-07-04T15:18:00","date_gmt":"2023-07-04T20:18:00","guid":{"rendered":"http:\/\/www.zonaroja.com.mx\/?p=57187"},"modified":"2023-07-04T09:20:33","modified_gmt":"2023-07-04T14:20:33","slug":"otra-vez-lady-tacos-de-canasta-fue-discriminada-por-policia-en-la-cdmx","status":"publish","type":"post","link":"https:\/\/zonaroja.com.mx\/?p=57187","title":{"rendered":"\u00a1Otra vez! !Lady Tacos de Canasta\u201d fue discriminada por polic\u00eda en la Cdmx"},"content":{"rendered":"\n<p>Redacci\u00f3n\/Zona Roja Cdmx.<\/p>\n\n\n\n<p>Ciudad de M\u00e9xico, a 4 de julio de 2023.- A unos d\u00edas de la celebraci\u00f3n por el orgullo LGBTIQ+, Marven, mejor conocida como \u201cLady Tacos de Canasta\u201d, fue v\u00edctima de discriminaci\u00f3n por parte de una oficial de la Secretar\u00eda de Seguridad Ciudadana de la Ciudad de M\u00e9xico (SSC-Cdmx) mientras le quitaba su mercanc\u00eda.<\/p>\n\n\n\n<p>A trav\u00e9s de redes sociales se difundi\u00f3 el momento en que la famosa muxe solicita a la uniformada, quien se llevaba sus tacos de canasta, que no le dijera \u201cse\u00f1or\u201d.<\/p>\n\n\n\n<p>A pesar de que su mercanc\u00eda le fue retirada, lo que molest\u00f3 a la influencer fue la falta de reconocimiento a su identidad.<\/p>\n\n\n\n<p>\u201c\u00a1No soy se\u00f1or! \u00bfNo me est\u00e1s viendo?, \u00bfNo me est\u00e1s viendo que no soy se\u00f1or? Entonces no me digas se\u00f1or, porque es una falta de respeto a mi persona como ciudadano, no soy se\u00f1or. Que te quede claro que esta vestimenta es de mujer y no soy se\u00f1or y no tienes por qu\u00e9 llamarme se\u00f1or \u00a1Me est\u00e1s ofendiendo!\u201d, dijo la Lady.<\/p>\n\n\n\n<p>En la grabaci\u00f3n se escucha a un ciudadano remarcando a la polic\u00eda que estaba discriminando a la muxe al llamarle de esa manera.<\/p>\n\n\n\n<p>Tambi\u00e9n se observa a tres oficiales parados alrededor, sin decir ni hacer nada, mientras la polic\u00eda sigue sosteniendo la canasta de tacos y pide a Marven que no le hable de esa manera.<\/p>\n\n\n\n<p>El video ha sido compartido en los \u00faltimos d\u00edas por la cuenta de \u201cLady Tacos de Canasta\u201d en Twitter, pero no ha hecho ninguna denuncia o aclaraci\u00f3n sobre lo ocurrido en el x\u00f3calo capitalino.<\/p>\n\n\n\n<p>Hasta el momento se desconoce qu\u00e9 ocurri\u00f3 con exactitud; no obstante, en redes sociales el video ha comenzado a viralizarse.<\/p>\n\n\n\n<p>TAMBI\u00c9N HACE UN A\u00d1O<\/p>\n\n\n\n<p>Es de se\u00f1alar que no es la primera vez que uniformados le quitan su mercanc\u00eda a \u201cLady Tacos de Canasta\u201d. En junio del a\u00f1o pasado circul\u00f3 un video en el que Marven se sube a una camioneta de la alcald\u00eda Cuauht\u00e9moc, en la que se llevaban sus cosas incautadas.<\/p>\n\n\n\n<p>Como se pudo ver en la grabaci\u00f3n, los polic\u00edas se estaban apoderando de la silla, canasta, tambo de salsa y otras cosas de la muxe, por lo que hizo de todo para evitarlo. Incluso recibi\u00f3 empujones mientras el auto iba en movimiento.<\/p>\n\n\n\n<p>En agosto del 2020 tambi\u00e9n ocurri\u00f3 algo similar, pues polic\u00edas tiraron su mercanc\u00eda al suelo, le quitaron su bicicleta y canasta. En ese entonces le reclamaron que no deb\u00eda vender sus tacos y que estaba promoviendo la aglomeraci\u00f3n de personas en medio de la pandemia.<\/p>\n\n\n\n<p>A pesar de responder que cada cierto tiempo se mov\u00eda de lugar en su bici para evitar que la gente se juntara, los oficiales le quitaron sus cosas y entre el forcejeo la comida qued\u00f3 en el suelo.<\/p>\n\n\n\n<p>\u201cLady Tacos de Canasta\u201d se hizo viral en 2016, luego de que en un video apareci\u00f3 vendiendo de forma singular su mercanc\u00eda, destacando su voz grave con la vestimenta de mujer.<\/p>\n\n\n\n<p>Adem\u00e1s de tener locales donde se venden los famosos tacos, ha fungido en ocasiones como activista. En la pasada Marcha del Orgullo LGBTIQ+ de Veracruz estuvo en uno de los carros aleg\u00f3ricos promoviendo la igualdad y respeto para personas de la diversidad sexual.<\/p>\n\n\n\n<p>(Informaci\u00f3n de Infobae M\u00e9xico)<\/p>\n","protected":false},"excerpt":{"rendered":"<p>Redacci\u00f3n\/Zona Roja Cdmx. Ciudad de M\u00e9xico, a 4 de julio de 2023.- A unos d\u00edas&hellip;<\/p>\n","protected":false},"author":2,"featured_media":57188,"comment_status":"closed","ping_status":"open","sticky":false,"template":"","format":"standard","meta":{"_lmt_disableupdate":"","_lmt_disable":"","_jetpack_memberships_contains_paid_content":false,"footnotes":""},"categories":[109,47],"tags":[1947],"class_list":["post-57187","post","type-post","status-publish","format-standard","has-post-thumbnail","hentry","category-minuto-a-minuto","category-zona-gris","tag-marven-lady-tacos-de-canasta"],"jetpack_featured_media_url":"https:\/\/zonaroja.com.mx\/wp-content\/uploads\/2023\/07\/Oaxaca-Lady-Tacos-de-Canasta-Marvel-.png","jetpack_sharing_enabled":true,"_links":{"self":[{"href":"https:\/\/zonaroja.com.mx\/index.php?rest_route=\/wp\/v2\/posts\/57187","targetHints":{"allow":["GET"]}}],"collection":[{"href":"https:\/\/zonaroja.com.mx\/index.php?rest_route=\/wp\/v2\/posts"}],"about":[{"href":"https:\/\/zonaroja.com.mx\/index.php?rest_route=\/wp\/v2\/types\/post"}],"author":[{"embeddable":true,"href":"https:\/\/zonaroja.com.mx\/index.php?rest_route=\/wp\/v2\/users\/2"}],"replies":[{"embeddable":true,"href":"https:\/\/zonaroja.com.mx\/index.php?rest_route=%2Fwp%2Fv2%2Fcomments&post=57187"}],"version-history":[{"count":1,"href":"https:\/\/zonaroja.com.mx\/index.php?rest_route=\/wp\/v2\/posts\/57187\/revisions"}],"predecessor-version":[{"id":57189,"href":"https:\/\/zonaroja.com.mx\/index.php?rest_route=\/wp\/v2\/posts\/57187\/revisions\/57189"}],"wp:featuredmedia":[{"embeddable":true,"href":"https:\/\/zonaroja.com.mx\/index.php?rest_route=\/wp\/v2\/media\/57188"}],"wp:attachment":[{"href":"https:\/\/zonaroja.com.mx\/index.php?rest_route=%2Fwp%2Fv2%2Fmedia&parent=57187"}],"wp:term":[{"taxonomy":"category","embeddable":true,"href":"https:\/\/zonaroja.com.mx\/index.php?rest_route=%2Fwp%2Fv2%2Fcategories&post=57187"},{"taxonomy":"post_tag","embeddable":true,"href":"https:\/\/zonaroja.com.mx\/index.php?rest_route=%2Fwp%2Fv2%2Ftags&post=57187"}],"curies":[{"name":"wp","href":"https:\/\/api.w.org\/{rel}","templated":true}]}}