{"id":5719,"date":"2019-11-13T21:00:41","date_gmt":"2019-11-14T03:00:41","guid":{"rendered":"http:\/\/www.zonaroja.com.mx\/?p=5719"},"modified":"2019-11-13T21:00:44","modified_gmt":"2019-11-14T03:00:44","slug":"16-16-16-elemento-caido-protejanse-protejanse-les-digo","status":"publish","type":"post","link":"https:\/\/zonaroja.com.mx\/?p=5719","title":{"rendered":"\u00a116, 16, 16, elemento ca\u00eddo! \u00a1Prot\u00e9janse, prot\u00e9janse les digo!"},"content":{"rendered":"\n<p>Redacci\u00f3n\/Zona Roja.<\/p>\n\n\n\n<p>\u202a&#8211;\u00a116, 16, 16, elemento ca\u00eddo!<\/p>\n\n\n\n<p>-\u202a-Base Metro, base metro. <\/p>\n\n\n\n<p>Fueron las primeras palabras de auxilio\nen la frecuencia de radiocomunicaci\u00f3n que utilizaron los elementos de la\nPolic\u00eda Estatal que fueron v\u00edctimas de un ataque armado, el pasado viernes 8 de\nnoviembre en inmediaciones de San Vicente Coatl\u00e1n.<\/p>\n\n\n\n<p>-\u202a-\u00a116, 16, elemento ca\u00eddo!<\/p>\n\n\n\n<p>\u202a&#8211;Prot\u00e9janse, prot\u00e9janse les digo\nhombre. <\/p>\n\n\n\n<p>\u202a&#8211;\u00a1Ya no se puede, ya nos tienen\nblanqueados, la unidad ya est\u00e1 impactada, muy impactada! <\/p>\n\n\n\n<p>\u202a-Prot\u00e9janse, prot\u00e9janse.<\/p>\n\n\n\n<p>\u202a-\u00a1No se puede, negativo! <\/p>\n\n\n\n<p>Los gritos de angustia fueron los\n\u00faltimos de los elementos ca\u00eddos en cumplimiento de su deber.<\/p>\n\n\n\n<p>El audio sobrepuesto a un video fue\ndifundido anoche v\u00eda redes sociales, tras declarar el gobernador Alejandro\nMurat Hinojosa, que los habitantes de San Vicente Coatl\u00e1n eran amigos y que no\nten\u00edan nada que ver con la masacre de cinco uniformados y dos m\u00e1s heridos.<\/p>\n\n\n\n<p>&#8211;Por ah\u00ed si no han copiado, est\u00e1n\ninformando 60 luchas que 16, 16 en apoyo, ya que fueron agredidos por\nciudadanos de San Vicente Coatl\u00e1n en el tercer punto, por \u201cLa Cementera\u201d,\nindica. <\/p>\n\n\n\n<p>El audio de menos de dos minutos de duraci\u00f3n da una idea del ataque del que fueron v\u00edctimas los elementos de la Polic\u00eda Estatal, quienes incluso aseguraron que se entregar\u00edan para terminar con la balacera debido al n\u00famero de ca\u00eddos y heridos. <\/p>\n\n\n\n<figure class=\"wp-block-embed-twitter wp-block-embed is-type-rich is-provider-twitter\"><div class=\"wp-block-embed__wrapper\">\n<div class=\"twitter-tweet\"><blockquote class=\"twitter-tweet\" data-lang=\"es\"><p lang=\"es\" dir=\"ltr\"><a href=\"https:\/\/twitter.com\/hashtag\/OaxacaRojo?src=hash&amp;ref_src=twsrc%5Etfw\">#OaxacaRojo<\/a><br>-\u00a116, 16, elemento ca\u00eddo!<br>-Base Metro, base Metro. Prot\u00e9janse, prot\u00e9janse les digo hombre. <br>-\u00a1Ya no se puede, ya nos tienen blanqueados, la unidad ya est\u00e1 impactada!<br>-16, 16 en apoyo, ya que est\u00e1n informando que fueron agredidos por ciudadanos de San Vicente Coatl\u00e1n. <a href=\"https:\/\/t.co\/UfGp9Zx4O4\">pic.twitter.com\/UfGp9Zx4O4<\/a><\/p>&mdash; Zona Roja Oaxaca (@MexRoja) <a href=\"https:\/\/twitter.com\/MexRoja\/status\/1194476788161773569?ref_src=twsrc%5Etfw\">13 de noviembre de 2019<\/a><\/blockquote><\/div>\n<\/div><\/figure>\n\n\n\n<p>&#8211;\u00a1Ah\u00ed quien copie nos vamos a entregar\nya no aguantamos, muchos heridos, muchos heridos!<\/p>\n\n\n\n<p>As\u00ed concluye el audio difundido,\npresuntamente por elementos de la corporaci\u00f3n, en el que adem\u00e1s se refiere que\nno descasar\u00e1n hasta encontrar justicia para sus compa\u00f1eros ca\u00eddos y heridos en\nel cumplimiento de su deber.<\/p>\n\n\n\n<p>\u201cLa verdad siempre saldr\u00e1 a la luz, no\ndescansaremos hasta encontrar justicia de nuestros \u00d1anys; por ellos, por sus\nfamiliares, por nosotros y los nuestros, con honor hasta el final\u201d, se puede leer\nen el video que ahora circula en las diferentes sociales y donde tambi\u00e9n se\nescucha el llamado de auxilio de los polic\u00edas.<\/p>\n\n\n\n<p>El material fue difundido luego de que\ntrascendiera un video en el que el gobernador de Oaxaca declar\u00f3 inocentes a los\npobladores de San Vicente Coatl\u00e1n por la masacre de cinco polic\u00edas, con quienes\nadem\u00e1s dijo mantienen di\u00e1logo constante y son amigos de su gobierno. <\/p>\n\n\n\n<p>\u201cNosotros estamos en un di\u00e1logo con el\nmunicipio de San Vicente Coatl\u00e1n; son nuestros amigos, sabemos que ellos no\ntienen nada que ver, el pueblo, el municipio, en estos lamentables hechos\u201d,\ndijo el mandatario estatal en entrevista colectiva.<\/p>\n","protected":false},"excerpt":{"rendered":"<p>Redacci\u00f3n\/Zona Roja. \u202a&#8211;\u00a116, 16, 16, elemento ca\u00eddo! -\u202a-Base Metro, base metro. Fueron las primeras palabras&hellip;<\/p>\n","protected":false},"author":2,"featured_media":5720,"comment_status":"closed","ping_status":"open","sticky":false,"template":"","format":"standard","meta":{"_lmt_disableupdate":"","_lmt_disable":"","_jetpack_memberships_contains_paid_content":false,"footnotes":""},"categories":[109,51],"tags":[173],"class_list":["post-5719","post","type-post","status-publish","format-standard","has-post-thumbnail","hentry","category-minuto-a-minuto","category-zona-roja","tag-alejandro-murat-hinojosa"],"jetpack_featured_media_url":"https:\/\/zonaroja.com.mx\/wp-content\/uploads\/2019\/11\/Masacre-polic\u00edas-Coatl\u00e1n-1.jpg","jetpack_sharing_enabled":true,"_links":{"self":[{"href":"https:\/\/zonaroja.com.mx\/index.php?rest_route=\/wp\/v2\/posts\/5719","targetHints":{"allow":["GET"]}}],"collection":[{"href":"https:\/\/zonaroja.com.mx\/index.php?rest_route=\/wp\/v2\/posts"}],"about":[{"href":"https:\/\/zonaroja.com.mx\/index.php?rest_route=\/wp\/v2\/types\/post"}],"author":[{"embeddable":true,"href":"https:\/\/zonaroja.com.mx\/index.php?rest_route=\/wp\/v2\/users\/2"}],"replies":[{"embeddable":true,"href":"https:\/\/zonaroja.com.mx\/index.php?rest_route=%2Fwp%2Fv2%2Fcomments&post=5719"}],"version-history":[{"count":1,"href":"https:\/\/zonaroja.com.mx\/index.php?rest_route=\/wp\/v2\/posts\/5719\/revisions"}],"predecessor-version":[{"id":5721,"href":"https:\/\/zonaroja.com.mx\/index.php?rest_route=\/wp\/v2\/posts\/5719\/revisions\/5721"}],"wp:featuredmedia":[{"embeddable":true,"href":"https:\/\/zonaroja.com.mx\/index.php?rest_route=\/wp\/v2\/media\/5720"}],"wp:attachment":[{"href":"https:\/\/zonaroja.com.mx\/index.php?rest_route=%2Fwp%2Fv2%2Fmedia&parent=5719"}],"wp:term":[{"taxonomy":"category","embeddable":true,"href":"https:\/\/zonaroja.com.mx\/index.php?rest_route=%2Fwp%2Fv2%2Fcategories&post=5719"},{"taxonomy":"post_tag","embeddable":true,"href":"https:\/\/zonaroja.com.mx\/index.php?rest_route=%2Fwp%2Fv2%2Ftags&post=5719"}],"curies":[{"name":"wp","href":"https:\/\/api.w.org\/{rel}","templated":true}]}}