{"id":57197,"date":"2023-07-04T20:26:20","date_gmt":"2023-07-05T01:26:20","guid":{"rendered":"http:\/\/www.zonaroja.com.mx\/?p=57197"},"modified":"2023-07-04T20:27:27","modified_gmt":"2023-07-05T01:27:27","slug":"registra-oaxaca-tres-asesinatos-en-menos-de-12-horas","status":"publish","type":"post","link":"https:\/\/zonaroja.com.mx\/?p=57197","title":{"rendered":"Registra Oaxaca tres asesinatos en menos de 12 horas"},"content":{"rendered":"\n<p>Ismael Garc\u00eda M.\/Zona Roja.<\/p>\n\n\n\n<p>Oaxaca de Ju\u00e1rez, Oax., a 4 de julio de 2023.- En menos de 12 horas, tres personas han sido asesinadas a balazos este martes, en hechos distintos.<\/p>\n\n\n\n<p>En la ma\u00f1ana fue localizado el cuerpo sin vida de una persona del sexo masculino, en inmediaciones de la colonia Tunalitos de Santa Mar\u00eda Atzompa.<\/p>\n\n\n\n<p>Presenta huellas de violencia y de manera preliminar se inform\u00f3 que tambi\u00e9n impactos de arma de fuego; la v\u00edctima a\u00fan no ha sido identificada.<\/p>\n\n\n\n<p>Posteriormente, en Zimatl\u00e1n de \u00c1lvarez, municipio de la regi\u00f3n de Valles Centrales, fue baleado un individuo, presuntamente de origen colombiano.<\/p>\n\n\n\n<p>Fue trasladado a un hospital de San Pablo Huixtepec, donde perdi\u00f3 la vida debido a la gravedad de las heridas.<\/p>\n\n\n\n<p>El sujeto, al parecer cobrador de deudas, se trasladaba a bordo de una motocicleta cuando fue atacado a balazos sobre la avenida Crist\u00f3bal Col\u00f3n de Zimatl\u00e1n; intent\u00f3 proseguir su marcha pero cay\u00f3 calles m\u00e1s adelante.<\/p>\n\n\n\n<p>Por el momento se tiene el dato de que respondi\u00f3 en vida al nombre de Jeferson G. G.<\/p>\n\n\n\n<p>Por otra parte, en Santa Mar\u00eda Mixtequilla fue hallado muerto un individuo de nombre Noel L. G., presuntamente activista de un grupo de resistencia civil que se opone al proyecto del Corredor Interoce\u00e1nico del Istmo de Tehuantepec.<\/p>\n\n\n\n<p>La v\u00edctima hab\u00eda sido reportada como desaparecida desde ayer 3 de julio y hoy fue localizado el cuerpo, en el barrio Esquipulas; su cuerpo presenta huellas de violencia e impactos de arma de fuego.<\/p>\n","protected":false},"excerpt":{"rendered":"<p>Ismael Garc\u00eda M.\/Zona Roja. Oaxaca de Ju\u00e1rez, Oax., a 4 de julio de 2023.- En&hellip;<\/p>\n","protected":false},"author":2,"featured_media":57195,"comment_status":"closed","ping_status":"open","sticky":false,"template":"","format":"standard","meta":{"_lmt_disableupdate":"","_lmt_disable":"","_jetpack_memberships_contains_paid_content":false,"footnotes":""},"categories":[109,51],"tags":[],"class_list":["post-57197","post","type-post","status-publish","format-standard","has-post-thumbnail","hentry","category-minuto-a-minuto","category-zona-roja"],"jetpack_featured_media_url":"https:\/\/zonaroja.com.mx\/wp-content\/uploads\/2023\/07\/Asesinado-Santa-Maria-Atzompa.jpg","jetpack_sharing_enabled":true,"_links":{"self":[{"href":"https:\/\/zonaroja.com.mx\/index.php?rest_route=\/wp\/v2\/posts\/57197","targetHints":{"allow":["GET"]}}],"collection":[{"href":"https:\/\/zonaroja.com.mx\/index.php?rest_route=\/wp\/v2\/posts"}],"about":[{"href":"https:\/\/zonaroja.com.mx\/index.php?rest_route=\/wp\/v2\/types\/post"}],"author":[{"embeddable":true,"href":"https:\/\/zonaroja.com.mx\/index.php?rest_route=\/wp\/v2\/users\/2"}],"replies":[{"embeddable":true,"href":"https:\/\/zonaroja.com.mx\/index.php?rest_route=%2Fwp%2Fv2%2Fcomments&post=57197"}],"version-history":[{"count":1,"href":"https:\/\/zonaroja.com.mx\/index.php?rest_route=\/wp\/v2\/posts\/57197\/revisions"}],"predecessor-version":[{"id":57198,"href":"https:\/\/zonaroja.com.mx\/index.php?rest_route=\/wp\/v2\/posts\/57197\/revisions\/57198"}],"wp:featuredmedia":[{"embeddable":true,"href":"https:\/\/zonaroja.com.mx\/index.php?rest_route=\/wp\/v2\/media\/57195"}],"wp:attachment":[{"href":"https:\/\/zonaroja.com.mx\/index.php?rest_route=%2Fwp%2Fv2%2Fmedia&parent=57197"}],"wp:term":[{"taxonomy":"category","embeddable":true,"href":"https:\/\/zonaroja.com.mx\/index.php?rest_route=%2Fwp%2Fv2%2Fcategories&post=57197"},{"taxonomy":"post_tag","embeddable":true,"href":"https:\/\/zonaroja.com.mx\/index.php?rest_route=%2Fwp%2Fv2%2Ftags&post=57197"}],"curies":[{"name":"wp","href":"https:\/\/api.w.org\/{rel}","templated":true}]}}