{"id":57203,"date":"2023-07-04T22:59:37","date_gmt":"2023-07-05T03:59:37","guid":{"rendered":"http:\/\/www.zonaroja.com.mx\/?p=57203"},"modified":"2023-07-04T22:59:41","modified_gmt":"2023-07-05T03:59:41","slug":"acusacion-contra-amigos-del-maco-equiparable-a-miembros-del-crimen-organizado","status":"publish","type":"post","link":"https:\/\/zonaroja.com.mx\/?p=57203","title":{"rendered":"Acusaci\u00f3n contra Amigos del MACO, \u201cequiparable a miembros del crimen organizado\u201d"},"content":{"rendered":"\n<p>Ismael Garc\u00eda M.\/Zona Roja.<\/p>\n\n\n\n<p>Oaxaca de Ju\u00e1rez, Oax., a 4 de julio de 2023.- Integrantes de la asociaci\u00f3n civil Amigos del MACO y artistas pl\u00e1sticos reiteraron su rechazo a lo que consideraron actos policiacos y acusaciones \u201cequiparables a miembros del crimen organizado\u201d por parte del gobierno de Oaxaca.<\/p>\n\n\n\n<p>En conferencia de prensa la tarde de hoy, encabezados por el a\u00fan director, Oliver Mart\u00ednez Kandt, y el presidente de la agrupaci\u00f3n, el pintor Rub\u00e9n Leyva, pidieron la devoluci\u00f3n de 40 piezas resguardadas en el Museo de Arte Contempor\u00e1neo, que son propiedad de Susana Wald, Patricia Belli y Tania Bello.<\/p>\n\n\n\n<p>\u201cComo artistas, entendemos el valor de las ideas, de la palabra, del di\u00e1logo: en ning\u00fan momento hemos pretendido tomar o quedarnos con lo que no nos pertenece; la acusaci\u00f3n que se ha lanzado contra nosotros equiparable a miembros del crimen organizado es por dem\u00e1s innecesaria, burda y carente de imaginaci\u00f3n\u201d, dieron a conocer en uno de los dos comunicados le\u00eddos.<\/p>\n\n\n\n<p>Consideraron que la intervenci\u00f3n del gobierno, a trav\u00e9s de la Consejer\u00eda Jur\u00eddica, fue \u201cun asalto\u201d perpetrado \u201cpor un equipo de alto impacto conocidos popularmente como SWAT\u201d, pese el presidente de la mesa directiva de la asociaci\u00f3n civil, Rub\u00e9n Leyva, firm\u00f3 de conformidad la entrega del edificio, sin problema alguno.&nbsp;<\/p>\n\n\n\n<p>\u201cDentro del inmueble se localizan obras de arte que fueron aseguradas, estas, estaban destinadas a la siguiente exposici\u00f3n; en palabras del ciudadano representante legal Geovany V\u00e1zquez, tanto el inmueble como su contenido a partir de ese momento formaban parte del patrimonio del Estado, nuevamente asegurando temerariamente que posee poderes superiores al Congreso del Estado de Oaxaca, a quien le corresponde legalmente definir si la expropiaci\u00f3n de los bienes de la A.C. son en efecto expropiados\u201d.<\/p>\n\n\n\n<figure class=\"wp-block-embed is-type-rich is-provider-twitter wp-block-embed-twitter\"><div class=\"wp-block-embed__wrapper\">\n<div class=\"twitter-tweet\"><blockquote class=\"twitter-tweet\" data-lang=\"es\"><p lang=\"es\" dir=\"ltr\"><a href=\"https:\/\/twitter.com\/hashtag\/%C3%9AltimoMinuto?src=hash&amp;ref_src=twsrc%5Etfw\">#\u00daltimoMinuto<\/a> <br>Integrantes de la asociaci\u00f3n civil Amigos del MACO (Museo de Arre Contempor\u00e1neo de Oaxaca) y artistas pl\u00e1sticos exigen a la <a href=\"https:\/\/twitter.com\/SECULTA_GobOax?ref_src=twsrc%5Etfw\">@SECULTA_GobOax<\/a> y a la <a href=\"https:\/\/twitter.com\/ConsejeriaOax?ref_src=twsrc%5Etfw\">@ConsejeriaOax<\/a> la devoluci\u00f3n de la obras art\u00edsticas que se se resguardan en dicho recinto. <a href=\"https:\/\/t.co\/o0ZxxdCBrN\">pic.twitter.com\/o0ZxxdCBrN<\/a><\/p>&mdash; Zona Roja Oaxaca (@ZonaRoja_Oaxaca) <a href=\"https:\/\/twitter.com\/ZonaRoja_Oaxaca\/status\/1676374321135071235?ref_src=twsrc%5Etfw\">4 de julio de 2023<\/a><\/blockquote><\/div>\n<\/div><\/figure>\n\n\n\n<p>Consideraron tambi\u00e9n como \u201ctraum\u00e1ticos\u201d, los dos cateos realizados al d\u00eda siguiente en bodegas del MACO, ocupaciones al estilo militar.<\/p>\n\n\n\n<p>\u201cEn las im\u00e1genes de prensa obtenidas, se puede observar nuevamente el equipo policiaco profesional con armas largas AR15 as\u00ed como elementos de la Marina armada de M\u00e9xico\u201d, se\u00f1alaron.<\/p>\n\n\n\n<p>Reiteraron:<\/p>\n\n\n\n<p>\u00abEn t\u00e9rminos simb\u00f3licos, el Gobierno del Estado de Oaxaca nos ha equiparado con criminales de alto perfil y nivel, el gobierno estableci\u00f3 que los artistas son iguales a los narcotraficantes: actitud impropia de un gobierno de izquierda.<\/p>\n\n\n\n<p>\u201cPor consejo legal, nos hemos abstenido de tener una presencia f\u00edsica en los dos espacios, si hacemos un ligero viaje narrativo a las notas de prensa podremos sacar como conclusi\u00f3n que la Consejer\u00eda Jur\u00eddica realiza el mismo procedimiento en todos sus casos, teniendo como objetivo final un \u2018chivo expiatorio\u2019\u201d.<\/p>\n\n\n\n<p>Insistieron en que se les busca fabricar un delito al se\u00f1alarlos como un \u201cc\u00e1rtel del arte\u201d; no obstante, \u201ca pesar de todas las arbitrariedades, amagos, amenazas y violencias, aceptamos sin dudar en establecer el dialogo propuesto por el ciudadano Gobernador del Estado de Oaxaca, Salom\u00f3n Jara, en aras de aclarar que la asociaci\u00f3n civil en ning\u00fan momento pretendi\u00f3 ir mas all\u00e1 de sus facultades\u201d, recalcaron.<\/p>\n\n\n\n<p>Enfatizaron que Amigos del MACO est\u00e1 en la disposici\u00f3n de terminar el comodato y \u201cque pertenecer a la sociedad civil no es un crimen, que promover arte contempor\u00e1neo mas all\u00e1 de lo local es necesario para que la cultura se desarrolle, al compartir ideas con todas las otras culturas del mundo. Este dialogo, proponemos, puede ser abierto al publico, queremos que quede constancia de nuestra transparencia\u201d.<\/p>\n","protected":false},"excerpt":{"rendered":"<p>Ismael Garc\u00eda M.\/Zona Roja. Oaxaca de Ju\u00e1rez, Oax., a 4 de julio de 2023.- Integrantes&hellip;<\/p>\n","protected":false},"author":2,"featured_media":57196,"comment_status":"closed","ping_status":"open","sticky":false,"template":"","format":"standard","meta":{"_lmt_disableupdate":"","_lmt_disable":"","_jetpack_memberships_contains_paid_content":false,"footnotes":""},"categories":[109,47],"tags":[2298],"class_list":["post-57203","post","type-post","status-publish","format-standard","has-post-thumbnail","hentry","category-minuto-a-minuto","category-zona-gris","tag-museo-de-arte-contemporaneo-de-oaxaca-maco"],"jetpack_featured_media_url":"https:\/\/zonaroja.com.mx\/wp-content\/uploads\/2023\/07\/Conferencia-de-prensa-asociacion-civil-amigos-del-MACO.jpg","jetpack_sharing_enabled":true,"_links":{"self":[{"href":"https:\/\/zonaroja.com.mx\/index.php?rest_route=\/wp\/v2\/posts\/57203","targetHints":{"allow":["GET"]}}],"collection":[{"href":"https:\/\/zonaroja.com.mx\/index.php?rest_route=\/wp\/v2\/posts"}],"about":[{"href":"https:\/\/zonaroja.com.mx\/index.php?rest_route=\/wp\/v2\/types\/post"}],"author":[{"embeddable":true,"href":"https:\/\/zonaroja.com.mx\/index.php?rest_route=\/wp\/v2\/users\/2"}],"replies":[{"embeddable":true,"href":"https:\/\/zonaroja.com.mx\/index.php?rest_route=%2Fwp%2Fv2%2Fcomments&post=57203"}],"version-history":[{"count":1,"href":"https:\/\/zonaroja.com.mx\/index.php?rest_route=\/wp\/v2\/posts\/57203\/revisions"}],"predecessor-version":[{"id":57205,"href":"https:\/\/zonaroja.com.mx\/index.php?rest_route=\/wp\/v2\/posts\/57203\/revisions\/57205"}],"wp:featuredmedia":[{"embeddable":true,"href":"https:\/\/zonaroja.com.mx\/index.php?rest_route=\/wp\/v2\/media\/57196"}],"wp:attachment":[{"href":"https:\/\/zonaroja.com.mx\/index.php?rest_route=%2Fwp%2Fv2%2Fmedia&parent=57203"}],"wp:term":[{"taxonomy":"category","embeddable":true,"href":"https:\/\/zonaroja.com.mx\/index.php?rest_route=%2Fwp%2Fv2%2Fcategories&post=57203"},{"taxonomy":"post_tag","embeddable":true,"href":"https:\/\/zonaroja.com.mx\/index.php?rest_route=%2Fwp%2Fv2%2Ftags&post=57203"}],"curies":[{"name":"wp","href":"https:\/\/api.w.org\/{rel}","templated":true}]}}