{"id":57206,"date":"2023-07-05T12:27:00","date_gmt":"2023-07-05T17:27:00","guid":{"rendered":"http:\/\/www.zonaroja.com.mx\/?p=57206"},"modified":"2023-07-05T15:09:45","modified_gmt":"2023-07-05T20:09:45","slug":"confirma-seccion-22-fecha-y-horacios-de-guelaguetza-magisterial","status":"publish","type":"post","link":"https:\/\/zonaroja.com.mx\/?p=57206","title":{"rendered":"Confirma Secci\u00f3n 22 fecha y horarios de Guelaguetza magisterial"},"content":{"rendered":"\n<p>Ismael Garc\u00eda M.\/Zona Roja.<\/p>\n\n\n\n<p>Oaxaca de Ju\u00e1rez, Oax., a 5 de junio de 2023.- La Secci\u00f3n 22 del Sindicato Nacional de Trabajadores de la Educaci\u00f3n (SNTE) confirm\u00f3 la realizaci\u00f3n de su Guelaguetza Magisterial y Popular, en su edici\u00f3n n\u00famero 16.<\/p>\n\n\n\n<p>No obstante, hasta ahora no ha precisado de d\u00f3nde saldr\u00e1n los recursos para financiar las actividades, que se realizar\u00e1n en la ciudad de Oaxaca y en el municipio de Asunci\u00f3n Nochixtl\u00e1n.&nbsp;<\/p>\n\n\n\n<p>Semanas atr\u00e1s, el gobernador Salom\u00f3n Jara Cruz exhibi\u00f3 que en el sexenio anterior del priista Alejandro Murat, se entregaban varios millones de pesos a la dirigencia magisterial para efectuar su fiesta folcl\u00f3rica.<\/p>\n\n\n\n<p>De acuerdo con el calendario de actividades, la jornada iniciar\u00e1 el s\u00e1bado 15 de julio a partir de las 15:00 horas con un convite, que partir\u00e1 de la plazuela del Carmen Alto para recorrer los principales barrios y arribar al z\u00f3calo de la ciudad.<\/p>\n\n\n\n<p>Al d\u00eda siguiente, tambi\u00e9n a las 15:00 horas y desde el mismo sitio, se efectuar\u00e1 una calenda, con rumbo a los barrios Xochimilco, Jalatlaco, &nbsp;La Merced, Los Pr\u00edncipes y La Noria, para seguir en el parque San Francisco y culminar en el z\u00f3calo; al t\u00e9rmino habr\u00e1 un mitin pol\u00edtico cultural y la quema del castillo conmemorativo.<\/p>\n\n\n\n<p>La primera edici\u00f3n de la Guelaguetza Magisterial y Popular 2023 ser\u00e1 el lunes 17 de julio a partir de las 09:00 horas en el estadio de f\u00fatbol del Instituto Tecnol\u00f3gico de Oaxaca (ITO).<\/p>\n","protected":false},"excerpt":{"rendered":"<p>Ismael Garc\u00eda M.\/Zona Roja. Oaxaca de Ju\u00e1rez, Oax., a 5 de junio de 2023.- La&hellip;<\/p>\n","protected":false},"author":2,"featured_media":57207,"comment_status":"closed","ping_status":"open","sticky":false,"template":"","format":"standard","meta":{"_lmt_disableupdate":"","_lmt_disable":"","_jetpack_memberships_contains_paid_content":false,"footnotes":""},"categories":[109,46],"tags":[312],"class_list":["post-57206","post","type-post","status-publish","format-standard","has-post-thumbnail","hentry","category-minuto-a-minuto","category-zona-blanca","tag-seccion-22-del-snte"],"jetpack_featured_media_url":"https:\/\/zonaroja.com.mx\/wp-content\/uploads\/2023\/07\/Fiesta-Seccion-22-Guelaguetza.jpg","jetpack_sharing_enabled":true,"_links":{"self":[{"href":"https:\/\/zonaroja.com.mx\/index.php?rest_route=\/wp\/v2\/posts\/57206","targetHints":{"allow":["GET"]}}],"collection":[{"href":"https:\/\/zonaroja.com.mx\/index.php?rest_route=\/wp\/v2\/posts"}],"about":[{"href":"https:\/\/zonaroja.com.mx\/index.php?rest_route=\/wp\/v2\/types\/post"}],"author":[{"embeddable":true,"href":"https:\/\/zonaroja.com.mx\/index.php?rest_route=\/wp\/v2\/users\/2"}],"replies":[{"embeddable":true,"href":"https:\/\/zonaroja.com.mx\/index.php?rest_route=%2Fwp%2Fv2%2Fcomments&post=57206"}],"version-history":[{"count":2,"href":"https:\/\/zonaroja.com.mx\/index.php?rest_route=\/wp\/v2\/posts\/57206\/revisions"}],"predecessor-version":[{"id":57232,"href":"https:\/\/zonaroja.com.mx\/index.php?rest_route=\/wp\/v2\/posts\/57206\/revisions\/57232"}],"wp:featuredmedia":[{"embeddable":true,"href":"https:\/\/zonaroja.com.mx\/index.php?rest_route=\/wp\/v2\/media\/57207"}],"wp:attachment":[{"href":"https:\/\/zonaroja.com.mx\/index.php?rest_route=%2Fwp%2Fv2%2Fmedia&parent=57206"}],"wp:term":[{"taxonomy":"category","embeddable":true,"href":"https:\/\/zonaroja.com.mx\/index.php?rest_route=%2Fwp%2Fv2%2Fcategories&post=57206"},{"taxonomy":"post_tag","embeddable":true,"href":"https:\/\/zonaroja.com.mx\/index.php?rest_route=%2Fwp%2Fv2%2Ftags&post=57206"}],"curies":[{"name":"wp","href":"https:\/\/api.w.org\/{rel}","templated":true}]}}