{"id":57209,"date":"2023-07-05T09:29:00","date_gmt":"2023-07-05T14:29:00","guid":{"rendered":"http:\/\/www.zonaroja.com.mx\/?p=57209"},"modified":"2023-07-05T08:30:12","modified_gmt":"2023-07-05T13:30:12","slug":"detienen-a-sujeto-acusado-de-asesinar-al-presidente-municipal-de-tlaxiaco","status":"publish","type":"post","link":"https:\/\/zonaroja.com.mx\/?p=57209","title":{"rendered":"Detienen a sujeto acusado de asesinar al presidente municipal de Tlaxiaco"},"content":{"rendered":"\n<p>Redacci\u00f3n\/Zona Roja.&nbsp;<\/p>\n\n\n\n<p>Oaxaca de Ju\u00e1rez, Oax., a 5 de julio de 2023.- La Fiscal\u00eda General del Estado de Oaxaca (FGEO), a trav\u00e9s de la Agencia Estatal de Investigaciones (AEI), ejecut\u00f3 una orden de aprehensi\u00f3n contra un hombre identificado como M.R.G., por el delito de homicidio con ventaja cometido contra quien fuera presidente de la Heroica Ciudad de Tlaxiaco, Alejandro Aparicio Santiago.<\/p>\n\n\n\n<p>Elementos de la AEI detuvieron al imputado en calles de Santa Cruz Xoxocotl\u00e1n la ma\u00f1ana de este martes, en cumplimiento a una orden de aprehensi\u00f3n por el delito antes mencionado.<\/p>\n\n\n\n<p>De acuerdo con el expediente penal, los hechos ocurrieron el pasado 1 de enero de 2019, cuando la v\u00edctima, quien acababa de tomar protesta como presidente municipal de Tlaxiaco, se encontraba realizando un recorrido en el barrio San Bartolo, perteneciente a dicha municipalidad, cuando fue agredido con disparos de arma de fuego.<\/p>\n\n\n\n<p>Por el hecho, la Vicefiscal\u00eda Regional de la Mixteca inici\u00f3 las investigaciones correspondientes, que permitieron establecer la participaci\u00f3n de cuatro personas: J.M.V., A.A.G., A.O.M.G. y M.R.G, \u00e9ste \u00faltimo detenido el d\u00eda de hoy, mientras que los otros tres imputados se encuentran en prisi\u00f3n preventiva y bajo proceso jur\u00eddico.<\/p>\n\n\n\n<p>Para la Fiscal\u00eda General del Estado de Oaxaca la procuraci\u00f3n de justicia es fundamental, m\u00e1s a\u00fan en delitos de alto impacto que trastocan el tejido social de una poblaci\u00f3n, como es el caso del ocurrido en Tlaxiaco.<\/p>\n\n\n\n<p>DAN 16 A\u00d1OS A VIOLENTADOR<\/p>\n\n\n\n<p>Por otra parte, el trabajo con perspectiva de g\u00e9nero que realiza la Fiscal\u00eda General del Estado de Oaxaca (FGEO) dio como resultado la obtenci\u00f3n de una sentencia condenatoria de 16 a\u00f1os de prisi\u00f3n en contra de J. L. P., responsable de los delitos de Violencia Familiar y Lesiones Calificadas, cometidas en la regi\u00f3n del Istmo de Tehuantepec.<\/p>\n\n\n\n<p>De acuerdo con el expediente penal, los hechos ocurrieron el 8 de febrero de 2020, dentro de un domicilio particular localizado en Santiago Niltepec, donde la v\u00edctima fue agredida por J. L. P., quien era su pareja.<\/p>\n\n\n\n<p>En primera instancia, el agresor golpe\u00f3 a la v\u00edctima en repetidas ocasiones, posteriormente tom\u00f3 un arma corto-contundente (machete) con la que infligi\u00f3 severas heridas en la mano.<\/p>\n\n\n\n<p>La Fiscal\u00eda de Oaxaca tom\u00f3 conocimiento del caso a trav\u00e9s de la Vicefiscal\u00eda Regional del Istmo, que ejecut\u00f3 la orden de aprehensi\u00f3n correspondiente en contra del imputado que qued\u00f3 a disposici\u00f3n de las autoridades.<\/p>\n\n\n\n<p>Derivado de las investigaciones judiciales que se presentaron ante el Juez, se dict\u00f3 sentencia condenatoria de 16 a\u00f1os de prisi\u00f3n en contra de J. L. P., responsable de los delitos de Violencia Familiar y Lesiones Calificadas.<\/p>\n\n\n\n<p>Adem\u00e1s, que se le impuso el pago por una multa, as\u00ed como la reparaci\u00f3n del da\u00f1o, que ascienden a m\u00e1s de 190 mil pesos.<\/p>\n\n\n\n<p>La Fiscal\u00eda de Oaxaca realiza investigaciones en las que prioriza la perspectiva de g\u00e9nero para atender las particularidades de las v\u00edctimas en la comisi\u00f3n de delitos contra la mujer.<\/p>\n","protected":false},"excerpt":{"rendered":"<p>Redacci\u00f3n\/Zona Roja.&nbsp; Oaxaca de Ju\u00e1rez, Oax., a 5 de julio de 2023.- La Fiscal\u00eda General&hellip;<\/p>\n","protected":false},"author":2,"featured_media":57210,"comment_status":"closed","ping_status":"open","sticky":false,"template":"","format":"standard","meta":{"_lmt_disableupdate":"","_lmt_disable":"","_jetpack_memberships_contains_paid_content":false,"footnotes":""},"categories":[109,46],"tags":[494],"class_list":["post-57209","post","type-post","status-publish","format-standard","has-post-thumbnail","hentry","category-minuto-a-minuto","category-zona-blanca","tag-fiscalia-general-del-estado-de-oaxaca"],"jetpack_featured_media_url":"https:\/\/zonaroja.com.mx\/wp-content\/uploads\/2023\/07\/Ejecuta-Fiscalia-de-Oaxaca-orden-de-aprehension-por-homicidio-cometido-contra-presidente-de-Tlaxiaco.jpeg","jetpack_sharing_enabled":true,"_links":{"self":[{"href":"https:\/\/zonaroja.com.mx\/index.php?rest_route=\/wp\/v2\/posts\/57209","targetHints":{"allow":["GET"]}}],"collection":[{"href":"https:\/\/zonaroja.com.mx\/index.php?rest_route=\/wp\/v2\/posts"}],"about":[{"href":"https:\/\/zonaroja.com.mx\/index.php?rest_route=\/wp\/v2\/types\/post"}],"author":[{"embeddable":true,"href":"https:\/\/zonaroja.com.mx\/index.php?rest_route=\/wp\/v2\/users\/2"}],"replies":[{"embeddable":true,"href":"https:\/\/zonaroja.com.mx\/index.php?rest_route=%2Fwp%2Fv2%2Fcomments&post=57209"}],"version-history":[{"count":1,"href":"https:\/\/zonaroja.com.mx\/index.php?rest_route=\/wp\/v2\/posts\/57209\/revisions"}],"predecessor-version":[{"id":57211,"href":"https:\/\/zonaroja.com.mx\/index.php?rest_route=\/wp\/v2\/posts\/57209\/revisions\/57211"}],"wp:featuredmedia":[{"embeddable":true,"href":"https:\/\/zonaroja.com.mx\/index.php?rest_route=\/wp\/v2\/media\/57210"}],"wp:attachment":[{"href":"https:\/\/zonaroja.com.mx\/index.php?rest_route=%2Fwp%2Fv2%2Fmedia&parent=57209"}],"wp:term":[{"taxonomy":"category","embeddable":true,"href":"https:\/\/zonaroja.com.mx\/index.php?rest_route=%2Fwp%2Fv2%2Fcategories&post=57209"},{"taxonomy":"post_tag","embeddable":true,"href":"https:\/\/zonaroja.com.mx\/index.php?rest_route=%2Fwp%2Fv2%2Ftags&post=57209"}],"curies":[{"name":"wp","href":"https:\/\/api.w.org\/{rel}","templated":true}]}}