{"id":57225,"date":"2023-07-05T12:25:00","date_gmt":"2023-07-05T17:25:00","guid":{"rendered":"http:\/\/www.zonaroja.com.mx\/?p=57225"},"modified":"2023-07-05T09:26:20","modified_gmt":"2023-07-05T14:26:20","slug":"crean-ruta-de-los-murales-en-colonia-de-la-capital-de-oaxaca","status":"publish","type":"post","link":"https:\/\/zonaroja.com.mx\/?p=57225","title":{"rendered":"Crean \u201cRuta de los murales\u201d en colonia de la capital de Oaxaca"},"content":{"rendered":"\n<p>Redacci\u00f3n\/Zona Roja.<\/p>\n\n\n\n<p>Oaxaca de Ju\u00e1rez, Oax., a 5 de julio de 2023.- Tras calificar como calumnias las acusaciones de sus vecinos de la colonia Azucena, los habitantes de la demarcaci\u00f3n Guelaguetza iniciaron este lunes la \u201cRuta de los murales\u201d, una jornada en que se pintar\u00e1n creaciones art\u00edsticas en paredes del asentamiento ubicado en las faldas del cerro del \u201cFort\u00edn\u201d.<\/p>\n\n\n\n<p>La jornada se realiza del 3 al 7 de julio, es patrocinado por diversos comercios y participan, entre otros, los artistas urbanos Labreens, Path S\u00e1nchez, Zerehbro, Mar\u00eda Esp\u00edndola, Arturo Santiago, M. Mitote, \u00c1lvaro Medi,a Espacio Latitho, Carmen Soto.<\/p>\n\n\n\n<p>Por otra parte, el Comit\u00e9 de Vida Vecinal que encabeza la se\u00f1ora Odilia S\u00e1nchez Galicia precis\u00f3 que durante las \u00faltimas semanas se han difundido videos y notas period\u00edsticas en contra de este Comvive de la colonia Guelaguetza \u201csiendo blanco de ataques de odio y difamaci\u00f3n por parte de personas de la colonia Azucenas.<\/p>\n\n\n\n<p>Con relaci\u00f3n al l\u00edmite entre ambos asentamientos, precisaron que \u00e9ste no lo define la colonia sino la autoridad municipal.<\/p>\n\n\n\n<p>\u201cEl lugar que es causa de su reclamo es una explanada que esta dentro de la jurisdicci\u00f3n de la colonia Guelaguetza y que es el lugar en donde se ubican las vendedoras\u201d ambulantes.<\/p>\n\n\n\n<p>\u201cEste Comvive es sabedor que los permisos que se otorgan a las vendedoras es facultad exclusiva del municipio de nuestra ciudad y solamente a esta autoridad le corresponde la autorizaci\u00f3n y ubicaci\u00f3n de las vendedoras\u201d.<\/p>\n\n\n\n<p>A\u00f1adieron que en en la colonia Guelaguetza se han organizado para apoyar a las autoridades incluso en la vigilancia para frenar los actos delictivos; asimismo, para auxiliar a quienes acuden a los eventos en el auditorio del cerro del \u201cFort\u00edn\u201d.<\/p>\n\n\n\n<p>\u201cLa vida vecinal de nuestra colonia Guelaguetza la decidimos nosotros y solo nosotros, que la finalidad de nuestro Comvive es ocuparnos por el bienestar social y cultural de los habitantes de nuestra colonia, y que seguiremos trabajando obedeciendo a nuestra asamblea en un marco de respeto y cordialidad\u201d, recalcaron.<\/p>\n","protected":false},"excerpt":{"rendered":"<p>Redacci\u00f3n\/Zona Roja. Oaxaca de Ju\u00e1rez, Oax., a 5 de julio de 2023.- Tras calificar como&hellip;<\/p>\n","protected":false},"author":2,"featured_media":57226,"comment_status":"closed","ping_status":"open","sticky":false,"template":"","format":"standard","meta":{"_lmt_disableupdate":"","_lmt_disable":"","_jetpack_memberships_contains_paid_content":false,"footnotes":""},"categories":[109,46],"tags":[],"class_list":["post-57225","post","type-post","status-publish","format-standard","has-post-thumbnail","hentry","category-minuto-a-minuto","category-zona-blanca"],"jetpack_featured_media_url":"https:\/\/zonaroja.com.mx\/wp-content\/uploads\/2023\/07\/Murales-colonia-Guelaguetza.jpg","jetpack_sharing_enabled":true,"_links":{"self":[{"href":"https:\/\/zonaroja.com.mx\/index.php?rest_route=\/wp\/v2\/posts\/57225","targetHints":{"allow":["GET"]}}],"collection":[{"href":"https:\/\/zonaroja.com.mx\/index.php?rest_route=\/wp\/v2\/posts"}],"about":[{"href":"https:\/\/zonaroja.com.mx\/index.php?rest_route=\/wp\/v2\/types\/post"}],"author":[{"embeddable":true,"href":"https:\/\/zonaroja.com.mx\/index.php?rest_route=\/wp\/v2\/users\/2"}],"replies":[{"embeddable":true,"href":"https:\/\/zonaroja.com.mx\/index.php?rest_route=%2Fwp%2Fv2%2Fcomments&post=57225"}],"version-history":[{"count":1,"href":"https:\/\/zonaroja.com.mx\/index.php?rest_route=\/wp\/v2\/posts\/57225\/revisions"}],"predecessor-version":[{"id":57227,"href":"https:\/\/zonaroja.com.mx\/index.php?rest_route=\/wp\/v2\/posts\/57225\/revisions\/57227"}],"wp:featuredmedia":[{"embeddable":true,"href":"https:\/\/zonaroja.com.mx\/index.php?rest_route=\/wp\/v2\/media\/57226"}],"wp:attachment":[{"href":"https:\/\/zonaroja.com.mx\/index.php?rest_route=%2Fwp%2Fv2%2Fmedia&parent=57225"}],"wp:term":[{"taxonomy":"category","embeddable":true,"href":"https:\/\/zonaroja.com.mx\/index.php?rest_route=%2Fwp%2Fv2%2Fcategories&post=57225"},{"taxonomy":"post_tag","embeddable":true,"href":"https:\/\/zonaroja.com.mx\/index.php?rest_route=%2Fwp%2Fv2%2Ftags&post=57225"}],"curies":[{"name":"wp","href":"https:\/\/api.w.org\/{rel}","templated":true}]}}