{"id":57229,"date":"2023-07-05T13:50:21","date_gmt":"2023-07-05T18:50:21","guid":{"rendered":"http:\/\/www.zonaroja.com.mx\/?p=57229"},"modified":"2023-07-05T13:54:16","modified_gmt":"2023-07-05T18:54:16","slug":"fatal-accidente-deja-unos-27-fallecidos-y-18-lesionados-en-oaxaca","status":"publish","type":"post","link":"https:\/\/zonaroja.com.mx\/?p=57229","title":{"rendered":"Fatal accidente deja unos 27 fallecidos y 17 lesionados en Oaxaca"},"content":{"rendered":"\n<p>Yuridiana Sosa\/Zona Roja.<\/p>\n\n\n\n<p>Oaxaca de Ju\u00e1rez, Oax., a 5 de julio de 2023.- La volcadura de autob\u00fas de pasajeros en Magdalena Pe\u00f1asco, en la regi\u00f3n Mixteca de Oaxaca, en las primeras horas de este mi\u00e9rcoles, dej\u00f3 el saldo preliminar de 27 personas fallecidas y 17 lesionadas, de acuerdo con los primeros reportes tras las labores de rescate.<\/p>\n\n\n\n<p>El fatal accidente se registr\u00f3 en el kil\u00f3metro 16+300 de la carretera a Magdalena Pe\u00f1asco, Tlaxiaco, donde la unidad perdi\u00f3 el control y volc\u00f3 hasta el r\u00edo, detr\u00e1s de la iglesia de esa comunidad.&nbsp;<\/p>\n\n\n\n<p>De acuerdo con los primeros datos, el autob\u00fas cubr\u00eda la ruta Ciudad de M\u00e9xico-Santiago Yosond\u00faa, en la regi\u00f3n Mixteca.<\/p>\n\n\n\n<p>Al lugar llegaron diversos cuerpos de rescate y autoridades para apoyar a la ciudadan\u00eda que fue la primera respondiente para tratar de poner a salvo a los pasajeros.<\/p>\n\n\n\n<p>Tras varias maniobras, en las que se ocup\u00f3 una retroexcavadora para remover algunos escombros, se contabiliz\u00f3 el deceso de 25 en el sitio y al menos dos dos en hospitales, as\u00ed como unos 17 lesionados, quienes fueron atendidos en diversas ambulancias para su valoraci\u00f3n y atenci\u00f3n m\u00e9dica.<\/p>\n\n\n\n<p>Elementos de la Secretar\u00eda de Seguridad P\u00fablica, Polic\u00eda Vial del Estado, Fiscal\u00eda General de Oaxaca, hicieron presencia en el lugar.<\/p>\n\n\n\n<p>Hasta el momento se han dado a conocer algunos nombres de los ocupantes de esta unidad, con el fin de localizar a sus familiares.<\/p>\n\n\n\n<p>Dylan N\u00fa\u00f1ez P\u00e9rez (ni\u00f1o)<\/p>\n\n\n\n<p>Dionisio Mart\u00ednez S\u00e1nchez&nbsp;<\/p>\n\n\n\n<p>Jos\u00e9 Luis Lugo (65 a\u00f1os)<\/p>\n\n\n\n<p>Guadalupe Lugo&nbsp;<\/p>\n\n\n\n<p>Diego Iv\u00e1n Ruiz Heras 19 a\u00f1os<\/p>\n\n\n\n<p>Rutina Heras Hern\u00e1ndez<\/p>\n\n\n\n<p>San Vicente Chicoloapan tercera cerrada&nbsp;20 noviembre&nbsp;cp.56370&nbsp;<\/p>\n\n\n\n<p>Eduardo Hern\u00e1ndez Hern\u00e1ndez (23 a\u00f1os)&nbsp;<\/p>\n\n\n\n<p>Vilouf S\u00e1nchez Santiago<\/p>\n\n\n\n<p>Nicol\u00e1s Cuevas Erick.<\/p>\n\n\n\n<p>Rom\u00e1n Mendoza Cortes.<\/p>\n\n\n\n<p>Sixto Bautista Bautista.<\/p>\n\n\n\n<p>Alison Jatziri Mu\u00f1oz P\u00e9rez.<\/p>\n\n\n\n<p>Dulce Abigail P\u00e9rez.<\/p>\n\n\n\n<p>Adelaida S\u00e1nchez L\u00f3pez<\/p>\n\n\n\n<p><\/p>\n","protected":false},"excerpt":{"rendered":"<p>Yuridiana Sosa\/Zona Roja. Oaxaca de Ju\u00e1rez, Oax., a 5 de julio de 2023.- La volcadura&hellip;<\/p>\n","protected":false},"author":2,"featured_media":57228,"comment_status":"closed","ping_status":"open","sticky":false,"template":"","format":"standard","meta":{"_lmt_disableupdate":"","_lmt_disable":"","_jetpack_memberships_contains_paid_content":false,"footnotes":""},"categories":[109,47],"tags":[],"class_list":["post-57229","post","type-post","status-publish","format-standard","has-post-thumbnail","hentry","category-minuto-a-minuto","category-zona-gris"],"jetpack_featured_media_url":"https:\/\/zonaroja.com.mx\/wp-content\/uploads\/2023\/07\/img_8431.jpg","jetpack_sharing_enabled":true,"_links":{"self":[{"href":"https:\/\/zonaroja.com.mx\/index.php?rest_route=\/wp\/v2\/posts\/57229","targetHints":{"allow":["GET"]}}],"collection":[{"href":"https:\/\/zonaroja.com.mx\/index.php?rest_route=\/wp\/v2\/posts"}],"about":[{"href":"https:\/\/zonaroja.com.mx\/index.php?rest_route=\/wp\/v2\/types\/post"}],"author":[{"embeddable":true,"href":"https:\/\/zonaroja.com.mx\/index.php?rest_route=\/wp\/v2\/users\/2"}],"replies":[{"embeddable":true,"href":"https:\/\/zonaroja.com.mx\/index.php?rest_route=%2Fwp%2Fv2%2Fcomments&post=57229"}],"version-history":[{"count":2,"href":"https:\/\/zonaroja.com.mx\/index.php?rest_route=\/wp\/v2\/posts\/57229\/revisions"}],"predecessor-version":[{"id":57231,"href":"https:\/\/zonaroja.com.mx\/index.php?rest_route=\/wp\/v2\/posts\/57229\/revisions\/57231"}],"wp:featuredmedia":[{"embeddable":true,"href":"https:\/\/zonaroja.com.mx\/index.php?rest_route=\/wp\/v2\/media\/57228"}],"wp:attachment":[{"href":"https:\/\/zonaroja.com.mx\/index.php?rest_route=%2Fwp%2Fv2%2Fmedia&parent=57229"}],"wp:term":[{"taxonomy":"category","embeddable":true,"href":"https:\/\/zonaroja.com.mx\/index.php?rest_route=%2Fwp%2Fv2%2Fcategories&post=57229"},{"taxonomy":"post_tag","embeddable":true,"href":"https:\/\/zonaroja.com.mx\/index.php?rest_route=%2Fwp%2Fv2%2Ftags&post=57229"}],"curies":[{"name":"wp","href":"https:\/\/api.w.org\/{rel}","templated":true}]}}