{"id":57234,"date":"2023-07-05T15:59:51","date_gmt":"2023-07-05T20:59:51","guid":{"rendered":"http:\/\/www.zonaroja.com.mx\/?p=57234"},"modified":"2023-07-05T15:59:53","modified_gmt":"2023-07-05T20:59:53","slug":"atentado-a-joven-militante-del-miuco-pudo-ir-contra-su-lideresa-alicia-santos-denuncian","status":"publish","type":"post","link":"https:\/\/zonaroja.com.mx\/?p=57234","title":{"rendered":"Atentado a joven militante del MIUCO pudo ir contra su lideresa Alicia Santos, denuncian"},"content":{"rendered":"\n<p>Yuridiana Sosa\/Zona Roja.<\/p>\n\n\n\n<p>Oaxaca de Ju\u00e1rez, Oax., a 5 de julio de 2023.- La presidenta de la organizaci\u00f3n Mujeres Ind\u00edgenas y Afros Unidas por el Bien de la Costa Oaxaque\u00f1a (MIUCO), Alicia Santos Flores, denunci\u00f3 que el atentado contra Jos\u00e9 Armando Gonz\u00e1lez Santos, su hijo, ocurrido el pasado 30 de junio, pudo haber estado dirigido a ella por su labor como defensora de las mujeres.<\/p>\n\n\n\n<p>En conferencia de prensa, desde el z\u00f3calo de la capital, se\u00f1al\u00f3 que adem\u00e1s de ayudar a las mujeres desde hace varios a\u00f1os desde la organizaci\u00f3n, actualmente tambi\u00e9n lo hace desde como directora de la Instancia Municipal de la Mujer en el municipio de Villa de Tututepec, en la Costa de Oaxaca.<\/p>\n\n\n\n<p>En su lucha, dijo, se enfrenta a diversas circunstancias e incluso ha tenido que ofrecer su domicilio particular para poner a salvo a las mujeres y sus hijos.<\/p>\n\n\n\n<p>Su hijo, agreg\u00f3, se encuentra hospitalizado en estado \u201csemivegetativo\u201d debido a los impactos de bala que recibi\u00f3 en la cabeza; \u00e9l es estudiante de Biolog\u00eda en la Universidad Aut\u00f3noma Metropolitana, militante de su organizaci\u00f3n en el movimiento juvenil y es promotor de la defensa de la naturaleza y el territorio.&nbsp;<\/p>\n\n\n\n<p>Por lo que ante la incertidumbre y desconocimiento que los llevaron a estas circunstancias, Santos Flores exigi\u00f3 al gobierno de Oaxaca medidas cautelares inmediatas para la organizaci\u00f3n, para ella y su familia, as\u00ed como para todo el comit\u00e9 directivo de las mujeres coste\u00f1as al sentir que sus vidas se encuentran en peligro por defender derechos humanos de mujeres ni\u00f1os y familias.<\/p>\n\n\n\n<p>Entre sollozos, la madre de familia demand\u00f3 al gobernador de Oaxaca, Salom\u00f3n Jara Cruz, una mesa de di\u00e1logo para exponer su situaci\u00f3n, pero principalmente para garantizar la atenci\u00f3n m\u00e9dica de Jos\u00e9 Armando Gonz\u00e1lez, de 27 a\u00f1os de edad, y poder salvarle la vida.<\/p>\n\n\n\n<p>Por este hecho se encuentra una persona detenida, Diego E. P, habitante de una poblaci\u00f3n cercana y de quien este d\u00eda el Juez de Control en Puerto Escondido determinar\u00e1 si lo vincula o no a proceso.<\/p>\n\n\n\n<p>La madre de la v\u00edctima exigi\u00f3 una investigaci\u00f3n a fondo para encontrar a los responsables intelectuales del atentado, ocurrido el 30 de junio en la comunidad de Santa Rosa de Lima, Villa de Tututepec, aproximadamente a las 18:00 horas.<\/p>\n\n\n\n<figure class=\"wp-block-embed\"><div class=\"wp-block-embed__wrapper\">\n<div class=\"twitter-tweet\"><blockquote class=\"twitter-tweet\" data-lang=\"es\"><p lang=\"es\" dir=\"ltr\"><a href=\"https:\/\/twitter.com\/hashtag\/%C3%9AltimoMinuto?src=hash&amp;ref_src=twsrc%5Etfw\">#\u00daltimoMinuto<\/a><br>Desde el Palacio de Gobierno, la se\u00f1ora Alicia Santos Flores, exige justicia por el atentado contra su hijo, perpetrado la semana pasada. <br>Pide una audiencia con el gobernador <a href=\"https:\/\/twitter.com\/salomonj?ref_src=twsrc%5Etfw\">@salomonj<\/a>.<br>Se\u00f1ala deficiencias en la atenci\u00f3n m\u00e9dica de su v\u00e1stago. <br>Escuche su queja,\u2026 <a href=\"https:\/\/t.co\/ECx7U8ckn4\">pic.twitter.com\/ECx7U8ckn4<\/a><\/p>&mdash; Zona Roja Oaxaca (@ZonaRoja_Oaxaca) <a href=\"https:\/\/twitter.com\/ZonaRoja_Oaxaca\/status\/1676635968785317900?ref_src=twsrc%5Etfw\">5 de julio de 2023<\/a><\/blockquote><\/div>\n<\/div><\/figure>\n","protected":false},"excerpt":{"rendered":"<p>Yuridiana Sosa\/Zona Roja. Oaxaca de Ju\u00e1rez, Oax., a 5 de julio de 2023.- La presidenta&hellip;<\/p>\n","protected":false},"author":2,"featured_media":57233,"comment_status":"closed","ping_status":"open","sticky":false,"template":"","format":"standard","meta":{"_lmt_disableupdate":"","_lmt_disable":"","_jetpack_memberships_contains_paid_content":false,"footnotes":""},"categories":[109,47],"tags":[],"class_list":["post-57234","post","type-post","status-publish","format-standard","has-post-thumbnail","hentry","category-minuto-a-minuto","category-zona-gris"],"jetpack_featured_media_url":"https:\/\/zonaroja.com.mx\/wp-content\/uploads\/2023\/07\/a991df84-b388-434e-96bc-9fcd7779789a.jpg","jetpack_sharing_enabled":true,"_links":{"self":[{"href":"https:\/\/zonaroja.com.mx\/index.php?rest_route=\/wp\/v2\/posts\/57234","targetHints":{"allow":["GET"]}}],"collection":[{"href":"https:\/\/zonaroja.com.mx\/index.php?rest_route=\/wp\/v2\/posts"}],"about":[{"href":"https:\/\/zonaroja.com.mx\/index.php?rest_route=\/wp\/v2\/types\/post"}],"author":[{"embeddable":true,"href":"https:\/\/zonaroja.com.mx\/index.php?rest_route=\/wp\/v2\/users\/2"}],"replies":[{"embeddable":true,"href":"https:\/\/zonaroja.com.mx\/index.php?rest_route=%2Fwp%2Fv2%2Fcomments&post=57234"}],"version-history":[{"count":1,"href":"https:\/\/zonaroja.com.mx\/index.php?rest_route=\/wp\/v2\/posts\/57234\/revisions"}],"predecessor-version":[{"id":57235,"href":"https:\/\/zonaroja.com.mx\/index.php?rest_route=\/wp\/v2\/posts\/57234\/revisions\/57235"}],"wp:featuredmedia":[{"embeddable":true,"href":"https:\/\/zonaroja.com.mx\/index.php?rest_route=\/wp\/v2\/media\/57233"}],"wp:attachment":[{"href":"https:\/\/zonaroja.com.mx\/index.php?rest_route=%2Fwp%2Fv2%2Fmedia&parent=57234"}],"wp:term":[{"taxonomy":"category","embeddable":true,"href":"https:\/\/zonaroja.com.mx\/index.php?rest_route=%2Fwp%2Fv2%2Fcategories&post=57234"},{"taxonomy":"post_tag","embeddable":true,"href":"https:\/\/zonaroja.com.mx\/index.php?rest_route=%2Fwp%2Fv2%2Ftags&post=57234"}],"curies":[{"name":"wp","href":"https:\/\/api.w.org\/{rel}","templated":true}]}}