{"id":57236,"date":"2023-07-05T20:14:33","date_gmt":"2023-07-06T01:14:33","guid":{"rendered":"http:\/\/www.zonaroja.com.mx\/?p=57236"},"modified":"2023-07-05T20:14:36","modified_gmt":"2023-07-06T01:14:36","slug":"recuperacion-del-maco-por-el-estado-un-acto-de-justicia-ex-trabajadores","status":"publish","type":"post","link":"https:\/\/zonaroja.com.mx\/?p=57236","title":{"rendered":"Recuperaci\u00f3n del MACO por el Estado, un acto de justicia: ex trabajadores"},"content":{"rendered":"\n<p>Yuridiana Sosa\/Zona Roja.<\/p>\n\n\n\n<p>Oaxaca de Ju\u00e1rez, Oax., a 5 de julio de 2023.- Ex trabajadores del Museo de Arte Contempor\u00e1neo de Oaxaca (MACO) celebraron que el Gobierno del Estado haya tomado la rector\u00eda del espacio, acto que calificaron como un paso a la justicia por las violaciones a sus derechos laborales por parte de la asociaci\u00f3n Amigos del MACO.<\/p>\n\n\n\n<p>A una semana de la recuperaci\u00f3n, ante la cancelaci\u00f3n del convenio de comodato por 31 a\u00f1os, los ex empleados recordaron en conferencia de prensa que aunque eso signifique un progreso para el funcionamiento del museo, sigue pendiente su caso por el adeudo de sus salarios desde hace tres a\u00f1os.<\/p>\n\n\n\n<p>Los afectados se\u00f1alaron que quieren saber qui\u00e9nes estuvieron coludidos con Amigos del MACO, quienes incluso, en alguna ocasi\u00f3n el presidente Rub\u00e9n Leyva les propuso cerrar el museo y colocar mantas contra el Gobierno del Estado para presionar a que la autoridad entregara recursos a la asociaci\u00f3n y de esa forma pagarles sus salarios, los cuales se dejaron de pagar en abril de 2020.<\/p>\n\n\n\n<p>Recordaron que sigue pendiente su caso ante la Junta Local de Conciliaci\u00f3n y Arbitraje, adem\u00e1s de sus denuncias ante la Fiscal\u00eda General de Oaxaca, acoso, discriminaci\u00f3n, misoginia, privaci\u00f3n de la libertad, lesiones f\u00edsicas, robo y violaciones a los derechos de la comunidad, por lo que demandaron al fiscal, Bernardo Rodr\u00edguez Alamilla, su apoyo para lograr avances en dichas carpetas \u201carchivadas\u201d desde hace dos a\u00f1os.<\/p>\n\n\n\n<p>En tanto que, demandaron a la sociedad no dejarse enga\u00f1ar por Amigos del MACO, que tras la recuperaci\u00f3n del Museo por el gobierno, se ha lanzado contra las autoridades.<\/p>\n\n\n\n<p>\u201cNo dejemos de ver lo importante, no es s\u00f3lo que alcancemos la justicia, sino adem\u00e1s que no permitamos que el Museo de Arte Contempor\u00e1neo de Oaxaca (MACO) deje de funcionar como un espacio abierto a todas y todos, libre de violencia, comprometido con la comunidad y con los principios con los que se fund\u00f3\u201d, expresaron.<\/p>\n\n\n\n<figure class=\"wp-block-embed is-type-rich is-provider-twitter wp-block-embed-twitter\"><div class=\"wp-block-embed__wrapper\">\n<div class=\"twitter-tweet\"><blockquote class=\"twitter-tweet\" data-lang=\"es\"><p lang=\"es\" dir=\"ltr\"><a href=\"https:\/\/twitter.com\/hashtag\/%C3%9AltimoMinuto?src=hash&amp;ref_src=twsrc%5Etfw\">#\u00daltimoMinuto<\/a> <br>En conferencia de prensa, ex trabajadores del <a href=\"https:\/\/twitter.com\/MACOaxaca?ref_src=twsrc%5Etfw\">@MACOaxaca<\/a> denunciaron una campa\u00f1a de odio contra ellos, por parte de la asociaci\u00f3n civil Amigos del MACO, y reiteraron su exigencia de agilizar el proceso para que les paguen sueldos pendientes. <a href=\"https:\/\/t.co\/iXJ4LbW6eY\">pic.twitter.com\/iXJ4LbW6eY<\/a><\/p>&mdash; Zona Roja Oaxaca (@ZonaRoja_Oaxaca) <a href=\"https:\/\/twitter.com\/ZonaRoja_Oaxaca\/status\/1676657510042980355?ref_src=twsrc%5Etfw\">5 de julio de 2023<\/a><\/blockquote><\/div>\n<\/div><\/figure>\n","protected":false},"excerpt":{"rendered":"<p>Yuridiana Sosa\/Zona Roja. Oaxaca de Ju\u00e1rez, Oax., a 5 de julio de 2023.- Ex trabajadores&hellip;<\/p>\n","protected":false},"author":2,"featured_media":57237,"comment_status":"closed","ping_status":"open","sticky":false,"template":"","format":"standard","meta":{"_lmt_disableupdate":"","_lmt_disable":"","_jetpack_memberships_contains_paid_content":false,"footnotes":""},"categories":[109,47],"tags":[2298],"class_list":["post-57236","post","type-post","status-publish","format-standard","has-post-thumbnail","hentry","category-minuto-a-minuto","category-zona-gris","tag-museo-de-arte-contemporaneo-de-oaxaca-maco"],"jetpack_featured_media_url":"https:\/\/zonaroja.com.mx\/wp-content\/uploads\/2023\/07\/Museo-de-Arte-Contemporaneo-MACO-conferencia-ex-trabajadores.jpg","jetpack_sharing_enabled":true,"_links":{"self":[{"href":"https:\/\/zonaroja.com.mx\/index.php?rest_route=\/wp\/v2\/posts\/57236","targetHints":{"allow":["GET"]}}],"collection":[{"href":"https:\/\/zonaroja.com.mx\/index.php?rest_route=\/wp\/v2\/posts"}],"about":[{"href":"https:\/\/zonaroja.com.mx\/index.php?rest_route=\/wp\/v2\/types\/post"}],"author":[{"embeddable":true,"href":"https:\/\/zonaroja.com.mx\/index.php?rest_route=\/wp\/v2\/users\/2"}],"replies":[{"embeddable":true,"href":"https:\/\/zonaroja.com.mx\/index.php?rest_route=%2Fwp%2Fv2%2Fcomments&post=57236"}],"version-history":[{"count":1,"href":"https:\/\/zonaroja.com.mx\/index.php?rest_route=\/wp\/v2\/posts\/57236\/revisions"}],"predecessor-version":[{"id":57238,"href":"https:\/\/zonaroja.com.mx\/index.php?rest_route=\/wp\/v2\/posts\/57236\/revisions\/57238"}],"wp:featuredmedia":[{"embeddable":true,"href":"https:\/\/zonaroja.com.mx\/index.php?rest_route=\/wp\/v2\/media\/57237"}],"wp:attachment":[{"href":"https:\/\/zonaroja.com.mx\/index.php?rest_route=%2Fwp%2Fv2%2Fmedia&parent=57236"}],"wp:term":[{"taxonomy":"category","embeddable":true,"href":"https:\/\/zonaroja.com.mx\/index.php?rest_route=%2Fwp%2Fv2%2Fcategories&post=57236"},{"taxonomy":"post_tag","embeddable":true,"href":"https:\/\/zonaroja.com.mx\/index.php?rest_route=%2Fwp%2Fv2%2Ftags&post=57236"}],"curies":[{"name":"wp","href":"https:\/\/api.w.org\/{rel}","templated":true}]}}