{"id":57242,"date":"2023-07-06T08:16:32","date_gmt":"2023-07-06T13:16:32","guid":{"rendered":"http:\/\/www.zonaroja.com.mx\/?p=57242"},"modified":"2023-07-06T08:16:42","modified_gmt":"2023-07-06T13:16:42","slug":"ola-delictiva-en-el-istmo-asaltos-intento-de-linchamiento-y-asesinato","status":"publish","type":"post","link":"https:\/\/zonaroja.com.mx\/?p=57242","title":{"rendered":"Ola delictiva en el Istmo: asaltos, intento de linchamiento y asesinato"},"content":{"rendered":"\n<p>Ismael Garc\u00eda M.\/Zona Roja.<\/p>\n\n\n\n<p>Oaxaca de Ju\u00e1rez, Oax., a 6 de julio de 2023.- En el d\u00eda en que el gobierno de Oaxaca ofreci\u00f3 su conferencia de prensa en materia de seguridad, la ola de violencia escal\u00f3 an la regi\u00f3n del Istmo de Tehuantepec, con asaltos a negocios, intento de linchamiento y un asesinato.<\/p>\n\n\n\n<p>Anoche, el chofer de un autob\u00fas de pasajeros con n\u00famero econ\u00f3mico A-33 fue baleado en la carretera Trans\u00edstmica del municipio de Salina Cruz; a\u00fan as\u00ed, logr\u00f3 conducir hasta el Hospital de Especialidades donde fue atendido.<\/p>\n\n\n\n<p>Sin embargo, cerca de la media noche de ayer, perdi\u00f3 la vida en el nosocomio, a causa de la gravedad de las lesiones; la v\u00edctima fue identificada como Cristian P. C., de 30 a\u00f1os de edad, quien ten\u00eda su domicilio en la colonia Francisco I. Madero de dicha ciudad porte\u00f1a.<\/p>\n\n\n\n<p>EL HARTAZGO<\/p>\n\n\n\n<p>Horas antes, habitantes de la colonia Hugo Mayoral, tambi\u00e9n de Salina Cruz, hartos de la delincuencia intentaron linchar a dos sujetos que acusan de haber ingresado a viviendas de la zona para robar.<\/p>\n\n\n\n<p>Con machetes y palos, hombres y mueres pretend\u00edan hacer justicia por propia mano; sin embargo, en esta ocasi\u00f3n los elementos de la polic\u00eda municipal lograron llegar a tiempo para rescatar a los dos presuntos delincuentes.<\/p>\n\n\n\n<p>La poblaci\u00f3n salinacrucense en distintas ocasiones ha denunciado la omisi\u00f3n del presidente municipal Daniel M\u00e9ndez Sosa, surgido del Partido Morena, para atender el rubro de la seguridad, lo que ha derivado en hechos criminales cotidianos.<\/p>\n\n\n\n<p>OTRA VEZ<\/p>\n\n\n\n<p>En tanto, tambi\u00e9n durante la tarde de ayer pero en Santo Domingo Tehuantepec, sujetos armados asaltaron la sucursal de la empresa Megacable, ubicada en el barrio Guichivere.<\/p>\n\n\n\n<p>Tras ingresar de manera violenta, amagaron con sus armas a los empleados y les exigieron dinero y pertenencias, tras lo cual huyeron, sin que hubiera polic\u00edas en la zona para interceptarlos.<\/p>\n\n\n\n<p>Apenas la semana pasada, Megacable fue tambi\u00e9n v\u00edctima de otro asalto, en su sucursal ubicada en el municipio de Juchit\u00e1n de Zaragoza.<\/p>\n","protected":false},"excerpt":{"rendered":"<p>Ismael Garc\u00eda M.\/Zona Roja. Oaxaca de Ju\u00e1rez, Oax., a 6 de julio de 2023.- En&hellip;<\/p>\n","protected":false},"author":2,"featured_media":57243,"comment_status":"closed","ping_status":"open","sticky":false,"template":"","format":"standard","meta":{"_lmt_disableupdate":"","_lmt_disable":"","_jetpack_memberships_contains_paid_content":false,"footnotes":""},"categories":[109,51],"tags":[168],"class_list":["post-57242","post","type-post","status-publish","format-standard","has-post-thumbnail","hentry","category-minuto-a-minuto","category-zona-roja","tag-salina-cruz"],"jetpack_featured_media_url":"https:\/\/zonaroja.com.mx\/wp-content\/uploads\/2023\/07\/Asesinado-chofer-de-urbano-Salina-Cruz.jpg","jetpack_sharing_enabled":true,"_links":{"self":[{"href":"https:\/\/zonaroja.com.mx\/index.php?rest_route=\/wp\/v2\/posts\/57242","targetHints":{"allow":["GET"]}}],"collection":[{"href":"https:\/\/zonaroja.com.mx\/index.php?rest_route=\/wp\/v2\/posts"}],"about":[{"href":"https:\/\/zonaroja.com.mx\/index.php?rest_route=\/wp\/v2\/types\/post"}],"author":[{"embeddable":true,"href":"https:\/\/zonaroja.com.mx\/index.php?rest_route=\/wp\/v2\/users\/2"}],"replies":[{"embeddable":true,"href":"https:\/\/zonaroja.com.mx\/index.php?rest_route=%2Fwp%2Fv2%2Fcomments&post=57242"}],"version-history":[{"count":1,"href":"https:\/\/zonaroja.com.mx\/index.php?rest_route=\/wp\/v2\/posts\/57242\/revisions"}],"predecessor-version":[{"id":57244,"href":"https:\/\/zonaroja.com.mx\/index.php?rest_route=\/wp\/v2\/posts\/57242\/revisions\/57244"}],"wp:featuredmedia":[{"embeddable":true,"href":"https:\/\/zonaroja.com.mx\/index.php?rest_route=\/wp\/v2\/media\/57243"}],"wp:attachment":[{"href":"https:\/\/zonaroja.com.mx\/index.php?rest_route=%2Fwp%2Fv2%2Fmedia&parent=57242"}],"wp:term":[{"taxonomy":"category","embeddable":true,"href":"https:\/\/zonaroja.com.mx\/index.php?rest_route=%2Fwp%2Fv2%2Fcategories&post=57242"},{"taxonomy":"post_tag","embeddable":true,"href":"https:\/\/zonaroja.com.mx\/index.php?rest_route=%2Fwp%2Fv2%2Ftags&post=57242"}],"curies":[{"name":"wp","href":"https:\/\/api.w.org\/{rel}","templated":true}]}}