{"id":5725,"date":"2019-11-14T08:37:31","date_gmt":"2019-11-14T14:37:31","guid":{"rendered":"http:\/\/www.zonaroja.com.mx\/?p=5725"},"modified":"2019-11-14T08:37:34","modified_gmt":"2019-11-14T14:37:34","slug":"reviven-para-evo-al-estado-mayor-presidencial-le-designan-15-elementos","status":"publish","type":"post","link":"https:\/\/zonaroja.com.mx\/?p=5725","title":{"rendered":"Reviven para Evo al Estado Mayor Presidencial; le designan 15 elementos"},"content":{"rendered":"\n<p>Redacci\u00f3n\/Zona Roja Cdmx.<\/p>\n\n\n\n<p>Oaxaca de Ju\u00e1rez, Oax., 14 de noviembre\nde 2019.- El gobierno federal que encabeza Andr\u00e9s Manuel L\u00f3pez Obrador revivi\u00f3\nal Estado Mayor Presidencial (EMP) para cuidar al ex presidente de Bolivia, Evo\nMorales, public\u00f3 hoy el diario \u201cReforma\u201d.<\/p>\n\n\n\n<p>Un grupo de 15 elementos, entre ellos\nuno de los asistentes del ex presidente Enrique Pe\u00f1a Nieto y algunos elementos\nque conformaban su primer c\u00edrculo de escoltas, resguardan ahora la integridad\ndel boliviano.<\/p>\n\n\n\n<p>Fuentes militares informaron a \u201cReforma\u201d\nque estos agentes est\u00e1n adscritos al Segundo Batall\u00f3n de Servicios Especiales\nde la Secretar\u00eda de la Defensa Nacional (Sedena), a donde fueron enviados m\u00e1s\nde 200 agentes que pertenec\u00edan al extinto Estado Mayor.<\/p>\n\n\n\n<p>Dicho agrupamiento se dedica a cuidar a\nalgunos secretarios, funcionarios p\u00fablicos o sus familias, as\u00ed como a\nvisitantes extranjeros; tambi\u00e9n ha sido responsable de la seguridad de\ninvitados y de la organizaci\u00f3n de eventos de Presidencia, como los festejos por\nla Independencia.<\/p>\n\n\n\n<p>Los 15 elementos asignados para la\nseguridad de Evo Morales ayer tomaron el control del Museo de la Ciudad de\nM\u00e9xico, donde el ex l\u00edder cocalero dio una conferencia en la que se dijo dispuesto\na regresar a su pa\u00eds.<\/p>\n\n\n\n<p>Si mi pueblo me lo pide, estamos\ndispuestos a volver a pacificar, es importante el di\u00e1logo nacional, yo siento\nque si se da este di\u00e1logo nacional va a ser m\u00e1s f\u00e1cil parar esta\nconfrontaci\u00f3n\u201d, anunci\u00f3.<\/p>\n\n\n\n<p>Los agentes tambi\u00e9n vigilaron su\ntraslado desde el Museo de la Ciudad de M\u00e9xico hacia el Palacio del\nAyuntamiento, donde lo esperaba la Jefa de Gobierno, Claudia Sheinbaum, quien\nlo reconoci\u00f3 como Hu\u00e9sped Distinguido de la Ciudad de M\u00e9xico.<\/p>\n\n\n\n<p>Mientras el ex Mandatario de Bolivia se\nencuentre en el Pa\u00eds, un grupo de escoltas estar\u00e1 cuid\u00e1ndolo en turnos de 12 y\n24 horas.<\/p>\n\n\n\n<p>En el grupo de ayer se encontraba un\nmilitar que era uno de los coordinadores de seguridad de eventos presidenciales\nde Pe\u00f1a Nieto, as\u00ed como elementos que antes resguardaban Palacio Nacional.<\/p>\n\n\n\n<p>Para los traslados del boliviano\ntambi\u00e9n se ech\u00f3 mano de dos camionetas Suburban blindadas que usaba Pe\u00f1a Nieto,\nmodelos 2013 y 2016, as\u00ed como camionetas escoltas 2011.<\/p>\n\n\n\n<p>Grupo \u201cReforma\u201d constat\u00f3 ayer c\u00f3mo el\nconvoy que trasladaba al ex Mandatario de Bolivia desde el Centro Hist\u00f3rico de\nla Ciudad de M\u00e9xico ingres\u00f3 al Campo Militar 1, ubicado al poniente de la\ncapital.<\/p>\n\n\n\n<p>Sin embargo, el paradero oficial del\nboliviano sigue estando bajo reserva por razones de seguridad.<\/p>\n","protected":false},"excerpt":{"rendered":"<p>Redacci\u00f3n\/Zona Roja Cdmx. Oaxaca de Ju\u00e1rez, Oax., 14 de noviembre de 2019.- El gobierno federal&hellip;<\/p>\n","protected":false},"author":2,"featured_media":5726,"comment_status":"closed","ping_status":"open","sticky":false,"template":"","format":"standard","meta":{"_lmt_disableupdate":"","_lmt_disable":"","_jetpack_memberships_contains_paid_content":false,"footnotes":""},"categories":[109,47],"tags":[1007],"class_list":["post-5725","post","type-post","status-publish","format-standard","has-post-thumbnail","hentry","category-minuto-a-minuto","category-zona-gris","tag-estado-mayor-presidencial"],"jetpack_featured_media_url":"https:\/\/zonaroja.com.mx\/wp-content\/uploads\/2019\/11\/Evo-EMP.jpg","jetpack_sharing_enabled":true,"_links":{"self":[{"href":"https:\/\/zonaroja.com.mx\/index.php?rest_route=\/wp\/v2\/posts\/5725","targetHints":{"allow":["GET"]}}],"collection":[{"href":"https:\/\/zonaroja.com.mx\/index.php?rest_route=\/wp\/v2\/posts"}],"about":[{"href":"https:\/\/zonaroja.com.mx\/index.php?rest_route=\/wp\/v2\/types\/post"}],"author":[{"embeddable":true,"href":"https:\/\/zonaroja.com.mx\/index.php?rest_route=\/wp\/v2\/users\/2"}],"replies":[{"embeddable":true,"href":"https:\/\/zonaroja.com.mx\/index.php?rest_route=%2Fwp%2Fv2%2Fcomments&post=5725"}],"version-history":[{"count":1,"href":"https:\/\/zonaroja.com.mx\/index.php?rest_route=\/wp\/v2\/posts\/5725\/revisions"}],"predecessor-version":[{"id":5727,"href":"https:\/\/zonaroja.com.mx\/index.php?rest_route=\/wp\/v2\/posts\/5725\/revisions\/5727"}],"wp:featuredmedia":[{"embeddable":true,"href":"https:\/\/zonaroja.com.mx\/index.php?rest_route=\/wp\/v2\/media\/5726"}],"wp:attachment":[{"href":"https:\/\/zonaroja.com.mx\/index.php?rest_route=%2Fwp%2Fv2%2Fmedia&parent=5725"}],"wp:term":[{"taxonomy":"category","embeddable":true,"href":"https:\/\/zonaroja.com.mx\/index.php?rest_route=%2Fwp%2Fv2%2Fcategories&post=5725"},{"taxonomy":"post_tag","embeddable":true,"href":"https:\/\/zonaroja.com.mx\/index.php?rest_route=%2Fwp%2Fv2%2Ftags&post=5725"}],"curies":[{"name":"wp","href":"https:\/\/api.w.org\/{rel}","templated":true}]}}