{"id":57260,"date":"2023-07-07T14:50:00","date_gmt":"2023-07-07T19:50:00","guid":{"rendered":"http:\/\/www.zonaroja.com.mx\/?p=57260"},"modified":"2023-07-07T08:10:20","modified_gmt":"2023-07-07T13:10:20","slug":"el-planeta-registra-temperaturas-record-por-tercer-dia-consecutivo","status":"publish","type":"post","link":"https:\/\/zonaroja.com.mx\/?p=57260","title":{"rendered":"El planeta registra temperaturas r\u00e9cord por tercer d\u00eda consecutivo"},"content":{"rendered":"\n<p>Redacci\u00f3n\/Zona Rona Cdmx.<\/p>\n\n\n\n<p>Ciudad de M\u00e9xico, a 7 de julio de 2023.- La temperatura promedio del planeta se mantuvo en m\u00e1ximos hist\u00f3ricos el mi\u00e9rcoles tras dos jornadas en las que se batieron marcas no oficiales. Este es el \u00faltimo marcador de una serie de fen\u00f3menos extremos provocados por el cambio clim\u00e1tico.<\/p>\n\n\n\n<p>La temperatura media global fue de 17,18 grados Celsius, seg\u00fan Climate Reanalyzer, una herramienta de la Universidad de Maine que utiliza datos satelitales y simulaciones inform\u00e1ticas para medir el estado del planeta. La cifra igual\u00f3 el r\u00e9cord establecido en la v\u00edspera, luego de que el lunes se bati\u00f3 la marca previa con una temperatura de 17,01 Celsius.<\/p>\n\n\n\n<p>Los cient\u00edficos llevan meses advirtiendo que 2023 podr\u00eda registrar un calor r\u00e9cord mientras el cambio clim\u00e1tico causado, impulsado en gran medida por la quema de combustibles f\u00f3siles como carb\u00f3n, gas natural y petr\u00f3leo, calienta la atm\u00f3sfera.<\/p>\n\n\n\n<p>Adem\u00e1s, apuntaron que La Ni\u00f1a, el enfriamiento natural de los oc\u00e9anos que hab\u00eda actuado como contrapeso a ese calentamiento, estaba dando paso a El Ni\u00f1o, el fen\u00f3meno inverso marcado por el aumento de la temperatura de los oc\u00e9anos. El Atl\u00e1ntico Norte ha registrado un calentamiento r\u00e9cord este a\u00f1o.<\/p>\n\n\n\n<p>\u201cUn r\u00e9cord como este es una prueba m\u00e1s de la tesis, respaldada ahora de forma masiva, de que el calentamiento global nos empuja hacia un futuro m\u00e1s caluroso\u00bb, dijo Chris Field, un cient\u00edfico experto en clima de la Universidad de Stanford que no particip\u00f3 en los c\u00e1lculos.<\/p>\n\n\n\n<p>Sean Birkle, climat\u00f3logo de la Universidad de Maine y creador del Climate Reanalyzer, explic\u00f3 que las cifras diarias no son oficiales pero ofrecen un retrato \u00fatil de lo que est\u00e1 ocurriendo en un mundo cada vez m\u00e1s c\u00e1lido.<\/p>\n\n\n\n<p>Y aunque no son un registro gubernamental, \u201cnos ofrecen una indicaci\u00f3n de d\u00f3nde estamos ahora mismo\u201d, apunt\u00f3 Sarah Kapnick, cient\u00edfica jefe de la Oficina Nacional de Administraci\u00f3n Oce\u00e1nica y Atmosf\u00e9rica (NOAA, por sus siglas en ingl\u00e9s). La agencia estadounidense indic\u00f3 que las tendr\u00e1 en cuenta para sus c\u00e1lculos de r\u00e9cords oficiales.<\/p>\n\n\n\n<p>Aunque el conjunto de datos empleados para determinar el r\u00e9cord no oficial se remontan solo hasta 1979, Kapnick dijo que, a la vista de otros datos, es probable que el planeta est\u00e9 registrando su d\u00eda m\u00e1s m\u00e1s caluroso \u201cen los varios cientos de a\u00f1os que hemos conocido\u201d.<\/p>\n\n\n\n<p>Los cient\u00edficos suelen emplear mediciones mucho m\u00e1s largas \u2014 meses, a\u00f1os, d\u00e9cadas \u2014 para hacer un seguimiento del calentamiento de la Tierra. Pero los m\u00e1ximos diarios son un indicativo de que el cambio clim\u00e1tico est\u00e1 llegando a territorio desconocido.<\/p>\n\n\n\n<p>El mi\u00e9rcoles, 38 millones de estadunidenses estaban bajo alg\u00fan tipo de alerta por calor, agreg\u00f3 Kapnick.<\/p>\n\n\n\n<p>Eso inclu\u00eda a comunidades que no est\u00e1n acostumbradas a tanto calor. En North Grenville, Ontario, la ciudad convirti\u00f3 las pistas de hockey sobre hielo en centros de refrigeraci\u00f3n mientras los term\u00f3metros alcanzaban el mi\u00e9rcoles los 32 grados Celsius, con una humedad que arrojaba una sensaci\u00f3n t\u00e9rmica de 38 C.<\/p>\n\n\n\n<p>(Informaci\u00f3n de AFP en \u201cMilenio\u201d)<\/p>\n","protected":false},"excerpt":{"rendered":"<p>Redacci\u00f3n\/Zona Rona Cdmx. Ciudad de M\u00e9xico, a 7 de julio de 2023.- La temperatura promedio&hellip;<\/p>\n","protected":false},"author":2,"featured_media":57262,"comment_status":"closed","ping_status":"open","sticky":false,"template":"","format":"standard","meta":{"_lmt_disableupdate":"","_lmt_disable":"","_jetpack_memberships_contains_paid_content":false,"footnotes":""},"categories":[109,47],"tags":[3521],"class_list":["post-57260","post","type-post","status-publish","format-standard","has-post-thumbnail","hentry","category-minuto-a-minuto","category-zona-gris","tag-cambio-climatico"],"jetpack_featured_media_url":"https:\/\/zonaroja.com.mx\/wp-content\/uploads\/2023\/07\/Cambio-climatico-en-el-mundo.jpeg","jetpack_sharing_enabled":true,"_links":{"self":[{"href":"https:\/\/zonaroja.com.mx\/index.php?rest_route=\/wp\/v2\/posts\/57260","targetHints":{"allow":["GET"]}}],"collection":[{"href":"https:\/\/zonaroja.com.mx\/index.php?rest_route=\/wp\/v2\/posts"}],"about":[{"href":"https:\/\/zonaroja.com.mx\/index.php?rest_route=\/wp\/v2\/types\/post"}],"author":[{"embeddable":true,"href":"https:\/\/zonaroja.com.mx\/index.php?rest_route=\/wp\/v2\/users\/2"}],"replies":[{"embeddable":true,"href":"https:\/\/zonaroja.com.mx\/index.php?rest_route=%2Fwp%2Fv2%2Fcomments&post=57260"}],"version-history":[{"count":2,"href":"https:\/\/zonaroja.com.mx\/index.php?rest_route=\/wp\/v2\/posts\/57260\/revisions"}],"predecessor-version":[{"id":57290,"href":"https:\/\/zonaroja.com.mx\/index.php?rest_route=\/wp\/v2\/posts\/57260\/revisions\/57290"}],"wp:featuredmedia":[{"embeddable":true,"href":"https:\/\/zonaroja.com.mx\/index.php?rest_route=\/wp\/v2\/media\/57262"}],"wp:attachment":[{"href":"https:\/\/zonaroja.com.mx\/index.php?rest_route=%2Fwp%2Fv2%2Fmedia&parent=57260"}],"wp:term":[{"taxonomy":"category","embeddable":true,"href":"https:\/\/zonaroja.com.mx\/index.php?rest_route=%2Fwp%2Fv2%2Fcategories&post=57260"},{"taxonomy":"post_tag","embeddable":true,"href":"https:\/\/zonaroja.com.mx\/index.php?rest_route=%2Fwp%2Fv2%2Ftags&post=57260"}],"curies":[{"name":"wp","href":"https:\/\/api.w.org\/{rel}","templated":true}]}}