{"id":57268,"date":"2023-07-06T20:16:17","date_gmt":"2023-07-07T01:16:17","guid":{"rendered":"http:\/\/www.zonaroja.com.mx\/?p=57268"},"modified":"2023-07-06T20:16:21","modified_gmt":"2023-07-07T01:16:21","slug":"niega-presidenta-de-la-ddhpo-dialogo-a-ex-trabajadores-despedidos","status":"publish","type":"post","link":"https:\/\/zonaroja.com.mx\/?p=57268","title":{"rendered":"Niega presidenta de la DDHPO di\u00e1logo a ex trabajadores despedidos"},"content":{"rendered":"\n<p>Yuridiana Sosa\/Zona Roja.<\/p>\n\n\n\n<p>Oaxaca de Ju\u00e1rez, Oax., a 6 de julio de 2023.- Integrados en el Comit\u00e9 de Defensa de los Trabajadores de la DDHPO, los ex empleados despedidos \u201ctomaron\u201d las instalaciones del organismo y denunciaron que la titular, Elizabeth Lara Rodr\u00edguez, se niega al di\u00e1logo, al tiempo que siguen las violaciones a sus derechos humanos y laborales con la falta de su justa liquidaci\u00f3n.<\/p>\n\n\n\n<p>Los afectados se manifestaron afuera de la instituci\u00f3n a poco m\u00e1s de tres semanas de ser notificados que la rescisi\u00f3n de su contrario ser\u00eda el 30 de junio, tiempo en el que Lara Rodr\u00edguez, por medio de la representaci\u00f3n legal afirma que no existen recursos para solventar los salarios de 23 trabajadores y trabajadores.<\/p>\n\n\n\n<p>Pedro Mart\u00ednez Lara, con 10 a\u00f1os de antig\u00fcedad, se\u00f1al\u00f3 que es mentira la justificaci\u00f3n, pues saben que la Defensor\u00eda de los Derechos Humanos del Pueblo de Oaxaca realiza la contrataci\u00f3n de nuevo personal, en sustituci\u00f3n de las plazas vacantes.<\/p>\n\n\n\n<p>Mientras que han solicitado por todas la instancias legales y organismos de organismo tener acceso a un di\u00e1logo con Lara Rodr\u00edguez.<\/p>\n\n\n\n<p>En conferencia de prensa, los ex trabajadores dieron a conocer que el pasado 4 de julio acudieron a cita a la Junta de Arbitraje para los Empleados al Servicio de los Poderes del Estado de Oaxaca, en la que el representante de la Defensor\u00eda, Ad\u00e1n Ojeda Alcal\u00e1, no present\u00f3 propuesta de alternativa para dar soluci\u00f3n.<\/p>\n\n\n\n<p>En tanto que el personal despedido propuso la venta del veh\u00edculo de lujo que ocupa la titular y que utiliza de manera personal, as\u00ed como la venta de otros bienes o de los mismos vi\u00e1ticos, ya que el monto total de lo que exigen los ex trabajadores, conforme a la ley, no supera los 670 mil pesos.<\/p>\n\n\n\n<p>De no ser atendidos de forma inmediata y obtener su liquidaci\u00f3n, no descartan movilizaciones durante la fiesta oficial de la Guelaguetza.<\/p>\n\n\n\n<figure class=\"wp-block-embed is-type-rich is-provider-twitter wp-block-embed-twitter\"><div class=\"wp-block-embed__wrapper\">\n<div class=\"twitter-tweet\"><blockquote class=\"twitter-tweet\" data-lang=\"es\"><p lang=\"es\" dir=\"ltr\"><a href=\"https:\/\/twitter.com\/hashtag\/%C3%9AltimoMinuto?src=hash&amp;ref_src=twsrc%5Etfw\">#\u00daltimoMinuto<\/a><br>A m\u00e1s de dos semanas de haber sido despedidos de la <a href=\"https:\/\/twitter.com\/DDHPO?ref_src=twsrc%5Etfw\">@DDHPO<\/a>, ex trabajadores a\u00fan no han sido atendidos por la titular, Elizabeth Lara. <br>\u201cToman\u201d la sede del \u00f3rgano en la capital y prev\u00e9n intensificar protestas durante las fiestas de la <a href=\"https:\/\/twitter.com\/hashtag\/Guelaguetza2023?src=hash&amp;ref_src=twsrc%5Etfw\">#Guelaguetza2023<\/a>. <a href=\"https:\/\/t.co\/9U8WfGMKZW\">pic.twitter.com\/9U8WfGMKZW<\/a><\/p>&mdash; Zona Roja Oaxaca (@ZonaRoja_Oaxaca) <a href=\"https:\/\/twitter.com\/ZonaRoja_Oaxaca\/status\/1677021884972425229?ref_src=twsrc%5Etfw\">6 de julio de 2023<\/a><\/blockquote><\/div>\n<\/div><\/figure>\n\n\n\n<p>VIOLACIONES<\/p>\n\n\n\n<p>En su comunicado, los ex trabajadores precisaron diversas violaciones que la DDHPO comete contra ellos, lo cual afecta a sus familias al quedar desprotegidas del sustento que por medio de este trabajo percib\u00edan.<\/p>\n\n\n\n<p>La defensor\u00eda los revictimiza al no reconocerlos como empleados de base y de simular la relaci\u00f3n laboral, pues trata de encubrir la relaci\u00f3n laboral con actos jur\u00eddicos simulados para evitar el cumplimiento de obligaciones laborales mediante la firma de contratos temporales por la prestaci\u00f3n de servicios profesionales.<\/p>\n\n\n\n<p>Cu\u00e1ndo no proporciona las mismas condiciones para realizar un trabajo digno o decente y actos de discriminaci\u00f3n entre los trabajadores que tienen el mismo cargo, pero distinto salario.<\/p>\n\n\n\n<p>As\u00ed como al no entregarse un ejemplar del contrato de la relaci\u00f3n laboral a los trabajadores y cometerse acciones de hostigamiento debidas al ejercicio del poder en las relaciones de subordinaci\u00f3n.<\/p>\n\n\n\n<p>Otra de las violaciones fueron las jornadas de trabajo mayores a las permitidas por la ley, como los casos de comisiones al interior del estado o fuera de \u00e9ste, y cuando se cubr\u00edan de una semana las 24 horas del d\u00eda.<\/p>\n\n\n\n<p>Por lo anterior, los afectados solicitaron a la 65 legislatura del Congreso de Oaxaca, analice la situaci\u00f3n de la titular de la DDHPO de conformidad con el T\u00edtulo S\u00e9ptimo de las responsabilidades de los servidores p\u00fablicos del estado, municipales y particulares vinculados con faltas administrativas o hechos de corrupci\u00f3n y patrimonial del estado.<\/p>\n","protected":false},"excerpt":{"rendered":"<p>Yuridiana Sosa\/Zona Roja. Oaxaca de Ju\u00e1rez, Oax., a 6 de julio de 2023.- Integrados en&hellip;<\/p>\n","protected":false},"author":2,"featured_media":57270,"comment_status":"closed","ping_status":"open","sticky":false,"template":"","format":"standard","meta":{"_lmt_disableupdate":"","_lmt_disable":"","_jetpack_memberships_contains_paid_content":false,"footnotes":""},"categories":[109,47],"tags":[287],"class_list":["post-57268","post","type-post","status-publish","format-standard","has-post-thumbnail","hentry","category-minuto-a-minuto","category-zona-gris","tag-ddhpo"],"jetpack_featured_media_url":"https:\/\/zonaroja.com.mx\/wp-content\/uploads\/2023\/07\/Protesta-ex-trabajadores-de-Derechos-Humanos.jpg","jetpack_sharing_enabled":true,"_links":{"self":[{"href":"https:\/\/zonaroja.com.mx\/index.php?rest_route=\/wp\/v2\/posts\/57268","targetHints":{"allow":["GET"]}}],"collection":[{"href":"https:\/\/zonaroja.com.mx\/index.php?rest_route=\/wp\/v2\/posts"}],"about":[{"href":"https:\/\/zonaroja.com.mx\/index.php?rest_route=\/wp\/v2\/types\/post"}],"author":[{"embeddable":true,"href":"https:\/\/zonaroja.com.mx\/index.php?rest_route=\/wp\/v2\/users\/2"}],"replies":[{"embeddable":true,"href":"https:\/\/zonaroja.com.mx\/index.php?rest_route=%2Fwp%2Fv2%2Fcomments&post=57268"}],"version-history":[{"count":1,"href":"https:\/\/zonaroja.com.mx\/index.php?rest_route=\/wp\/v2\/posts\/57268\/revisions"}],"predecessor-version":[{"id":57271,"href":"https:\/\/zonaroja.com.mx\/index.php?rest_route=\/wp\/v2\/posts\/57268\/revisions\/57271"}],"wp:featuredmedia":[{"embeddable":true,"href":"https:\/\/zonaroja.com.mx\/index.php?rest_route=\/wp\/v2\/media\/57270"}],"wp:attachment":[{"href":"https:\/\/zonaroja.com.mx\/index.php?rest_route=%2Fwp%2Fv2%2Fmedia&parent=57268"}],"wp:term":[{"taxonomy":"category","embeddable":true,"href":"https:\/\/zonaroja.com.mx\/index.php?rest_route=%2Fwp%2Fv2%2Fcategories&post=57268"},{"taxonomy":"post_tag","embeddable":true,"href":"https:\/\/zonaroja.com.mx\/index.php?rest_route=%2Fwp%2Fv2%2Ftags&post=57268"}],"curies":[{"name":"wp","href":"https:\/\/api.w.org\/{rel}","templated":true}]}}