{"id":57272,"date":"2023-07-06T21:32:30","date_gmt":"2023-07-07T02:32:30","guid":{"rendered":"http:\/\/www.zonaroja.com.mx\/?p=57272"},"modified":"2023-07-06T21:32:34","modified_gmt":"2023-07-07T02:32:34","slug":"negativa-para-puestos-ambulantes-en-carmen-alto-vislumbra-conflicto-martinez-neri","status":"publish","type":"post","link":"https:\/\/zonaroja.com.mx\/?p=57272","title":{"rendered":"Negativa para puestos ambulantes en Carmen Alto vislumbra conflicto: Mart\u00ednez Neri"},"content":{"rendered":"\n<p>Yuridiana Sosa\/Zona Roja.<\/p>\n\n\n\n<p>Oaxaca de Ju\u00e1rez, Oax., a 6 de julio de 2023.- Cerca de medio centenar de permisos para puestos en v\u00eda p\u00fablica y juegos mec\u00e1nicos con motivo las festividades del Carmen Alto, en la capital del estado, fueron negados por el Cabildo de Oaxaca de Ju\u00e1rez.<\/p>\n\n\n\n<p>La determinaci\u00f3n de la mayor\u00eda de los regidores respecto a prohibir la instalaci\u00f3n de 47 puestos temporales podr\u00eda representar un conflicto social, se\u00f1al\u00f3 el edil Francisco Mart\u00ednez Neri, quien a su vez cuestion\u00f3 la manera en la que la autoridad tendr\u00eda que actuar para impedirlo.<\/p>\n\n\n\n<p>En entrevista colectiva, luego de aclarar que \u00e9l vot\u00f3 a favor de su instalaci\u00f3n, el presidente expres\u00f3: \u201cQu\u00e9 hacer para impedir que se pongan? \u00bfUsar la fuerza p\u00fablica? Pero pues ahora hay que acatar lo que dijo el Cabildo\u201d.<\/p>\n\n\n\n<p>Agreg\u00f3 que desde su perspectiva no se puede negar a esas personas el derecho a vender.<\/p>\n\n\n\n<p>Respecto a la negativa del Cabildo para que no se instalen juegos mec\u00e1nicos en el parque Ju\u00e1rez \u201cEl Llano\u201d y el Jard\u00edn Morelos, destac\u00f3 que es una importante decisi\u00f3n para proteger el cuidado al patrimonio y al arbolado de la ciudad.<\/p>\n\n\n\n<figure class=\"wp-block-embed is-type-rich is-provider-twitter wp-block-embed-twitter\"><div class=\"wp-block-embed__wrapper\">\n<div class=\"twitter-tweet\"><blockquote class=\"twitter-tweet\" data-lang=\"es\"><p lang=\"es\" dir=\"ltr\">Sobre el rechazo del Cabildo a dict\u00e1menes para instalar m\u00e1s puestos ambulantes temporales en la ciudad de <a href=\"https:\/\/twitter.com\/hashtag\/Oaxaca?src=hash&amp;ref_src=twsrc%5Etfw\">#Oaxaca<\/a>, el edil <a href=\"https:\/\/twitter.com\/FMartinezNeri?ref_src=twsrc%5Etfw\">@FMartinezNeri<\/a> lament\u00f3 la decisi\u00f3n y consider\u00f3 ello desatar\u00e1 un conflicto social. <a href=\"https:\/\/t.co\/gFzzlkT3hC\">pic.twitter.com\/gFzzlkT3hC<\/a><\/p>&mdash; Zona Roja Oaxaca (@ZonaRoja_Oaxaca) <a href=\"https:\/\/twitter.com\/ZonaRoja_Oaxaca\/status\/1677107715384958977?ref_src=twsrc%5Etfw\">7 de julio de 2023<\/a><\/blockquote><\/div>\n<\/div><\/figure>\n\n\n\n<p>APRUEBA 92 PUESTOS<\/p>\n\n\n\n<p>Durante la sesi\u00f3n de cabildo de este jueves, los regidores aprobaron la instalaci\u00f3n de 92 puestos y negaron la de 47 m\u00e1s, para las diferentes festividades, de la ciudad, entre el 14 y 31 de julio.<\/p>\n\n\n\n<p>El primer dictamen de la Comisi\u00f3n de Mercados y Comercio en V\u00eda P\u00fablica, indic\u00f3 la autorizaci\u00f3n de 17 permisos temporales para puestos ambulantes en la explanada del Jard\u00edn Morelos, del 14 al 31 de julio; as\u00ed como la negativa de permisos en el parque Ju\u00e1rez \u201cEl Llano\u201d y el Jard\u00edn Morelos para juegos mec\u00e1nicos.<\/p>\n\n\n\n<p>Este primer dictamen fue aprobado por 10 de los 13 concejales presentes.<\/p>\n\n\n\n<p>El segundo dictamen fue referente a la autorizaci\u00f3n de 47 permisos temporales de con motivo de la festividad del Carmen Alto, con giros de antojitos, aguas frescas, dulces regionales, bu\u00f1uelos, del 14 al 18 de julio en calle de Manuel Garc\u00eda Vigil, el cual no fue aprobado por la mayor\u00eda al obtener siete votos en contra y seis a favor.<\/p>\n\n\n\n<p>Pero s\u00ed aprobaron, con mayor\u00eda \u2013siete a favor y seis en contra- permisos para 78 permisos temporales con motivo del espect\u00e1culo \u201cDonaj\u00ed la Leyenda\u201d; de los que 39 son para el 16 de julio y 39 para el 23 de julio, todos con venta de papas, chicharrines, palomita, algodones, dulces de f\u00e1brica, en un horario de 16:00 a 22:00 horas.<\/p>\n\n\n\n<figure class=\"wp-block-embed is-type-rich is-provider-twitter wp-block-embed-twitter\"><div class=\"wp-block-embed__wrapper\">\n<div class=\"twitter-tweet\"><blockquote class=\"twitter-tweet\" data-lang=\"es\"><p lang=\"es\" dir=\"ltr\"><a href=\"https:\/\/twitter.com\/hashtag\/%C3%9AltimoMinuto?src=hash&amp;ref_src=twsrc%5Etfw\">#\u00daltimoMinuto<\/a><br>Se rebelan concejales del <a href=\"https:\/\/twitter.com\/MunicipioOaxaca?ref_src=twsrc%5Etfw\">@MunicipioOaxaca<\/a> y por mayor\u00eda, el Cabildo determina no autorizar puestos ambulantes en la zona del Carmen Alto, por sus fiestas anuales, y para la presentaci\u00f3n de \u201cDonaj\u00ed, la leyenda\u201d. <a href=\"https:\/\/t.co\/jiGUHEetCo\">pic.twitter.com\/jiGUHEetCo<\/a><\/p>&mdash; Zona Roja Oaxaca (@ZonaRoja_Oaxaca) <a href=\"https:\/\/twitter.com\/ZonaRoja_Oaxaca\/status\/1677064582328733696?ref_src=twsrc%5Etfw\">6 de julio de 2023<\/a><\/blockquote><\/div>\n<\/div><\/figure>\n","protected":false},"excerpt":{"rendered":"<p>Yuridiana Sosa\/Zona Roja. Oaxaca de Ju\u00e1rez, Oax., a 6 de julio de 2023.- Cerca de&hellip;<\/p>\n","protected":false},"author":2,"featured_media":57273,"comment_status":"closed","ping_status":"open","sticky":false,"template":"","format":"standard","meta":{"_lmt_disableupdate":"","_lmt_disable":"","_jetpack_memberships_contains_paid_content":false,"footnotes":""},"categories":[109,47],"tags":[2418],"class_list":["post-57272","post","type-post","status-publish","format-standard","has-post-thumbnail","hentry","category-minuto-a-minuto","category-zona-gris","tag-francisco-martinez-neri"],"jetpack_featured_media_url":"https:\/\/zonaroja.com.mx\/wp-content\/uploads\/2023\/07\/Francisco-Martinez-Neri-.jpg","jetpack_sharing_enabled":true,"_links":{"self":[{"href":"https:\/\/zonaroja.com.mx\/index.php?rest_route=\/wp\/v2\/posts\/57272","targetHints":{"allow":["GET"]}}],"collection":[{"href":"https:\/\/zonaroja.com.mx\/index.php?rest_route=\/wp\/v2\/posts"}],"about":[{"href":"https:\/\/zonaroja.com.mx\/index.php?rest_route=\/wp\/v2\/types\/post"}],"author":[{"embeddable":true,"href":"https:\/\/zonaroja.com.mx\/index.php?rest_route=\/wp\/v2\/users\/2"}],"replies":[{"embeddable":true,"href":"https:\/\/zonaroja.com.mx\/index.php?rest_route=%2Fwp%2Fv2%2Fcomments&post=57272"}],"version-history":[{"count":1,"href":"https:\/\/zonaroja.com.mx\/index.php?rest_route=\/wp\/v2\/posts\/57272\/revisions"}],"predecessor-version":[{"id":57274,"href":"https:\/\/zonaroja.com.mx\/index.php?rest_route=\/wp\/v2\/posts\/57272\/revisions\/57274"}],"wp:featuredmedia":[{"embeddable":true,"href":"https:\/\/zonaroja.com.mx\/index.php?rest_route=\/wp\/v2\/media\/57273"}],"wp:attachment":[{"href":"https:\/\/zonaroja.com.mx\/index.php?rest_route=%2Fwp%2Fv2%2Fmedia&parent=57272"}],"wp:term":[{"taxonomy":"category","embeddable":true,"href":"https:\/\/zonaroja.com.mx\/index.php?rest_route=%2Fwp%2Fv2%2Fcategories&post=57272"},{"taxonomy":"post_tag","embeddable":true,"href":"https:\/\/zonaroja.com.mx\/index.php?rest_route=%2Fwp%2Fv2%2Ftags&post=57272"}],"curies":[{"name":"wp","href":"https:\/\/api.w.org\/{rel}","templated":true}]}}